{"id":977,"date":"2017-02-13T09:15:37","date_gmt":"2017-02-13T08:15:37","guid":{"rendered":"http:\/\/agora.xtec.cat\/inscomasisola\/?p=977"},"modified":"2017-02-13T09:15:49","modified_gmt":"2017-02-13T08:15:49","slug":"sortida-al-parc-arqueologic-mines-de-gava-10-02-2017","status":"publish","type":"post","link":"https:\/\/agora.xtec.cat\/inscomasisola\/eso\/eso-1\/sortida-al-parc-arqueologic-mines-de-gava-10-02-2017\/","title":{"rendered":"Sortida al Parc Arqueol\u00f2gic Mines de Gav\u00e0"},"content":{"rendered":"<div><\/div>\n<div style=\"text-align: justify;\">\n<p>Els alumnes de 1r. d&#8217;ESO van visitar el centre d&#8217;interpretaci\u00f3 del Neol\u00edtic de les Mines de Gav\u00e0, les m\u00e9s antigues en galeria d&#8217;Europa, per descobrir com era la vida ara fa 6.000 anys i la import\u00e0ncia que va tenir el mineral de la variscita, utilitzat exclusivament per fer joies. Una experi\u00e8ncia a trav\u00e9s d&#8217;explicacions, audiovisuals i un interessant recorregut per l&#8217;interior de l&#8217;explotaci\u00f3 minera.<\/p>\n<\/div>\n","protected":false},"excerpt":{"rendered":"<p>Els alumnes de 1r. d&#8217;ESO van visitar el centre d&#8217;interpretaci\u00f3 del Neol\u00edtic de les Mines de Gav\u00e0, les m\u00e9s antigues en galeria d&#8217;Europa, per descobrir com era la vida ara fa 6.000 anys i la import\u00e0ncia que va tenir el mineral de la variscita, utilitzat&hellip;  <a href=\"https:\/\/agora.xtec.cat\/inscomasisola\/eso\/eso-1\/sortida-al-parc-arqueologic-mines-de-gava-10-02-2017\/\" title=\"Read Sortida al Parc Arqueol\u00f2gic Mines de Gav\u00e0\">Llegeix m\u00e9s\u00bb<\/a><\/p>\n","protected":false},"author":1,"featured_media":0,"comment_status":"open","ping_status":"open","sticky":false,"template":"","format":"standard","meta":{"_bbp_topic_count":0,"_bbp_reply_count":0,"_bbp_total_topic_count":0,"_bbp_total_reply_count":0,"_bbp_voice_count":0,"_bbp_anonymous_reply_count":0,"_bbp_topic_count_hidden":0,"_bbp_reply_count_hidden":0,"_bbp_forum_subforum_count":0,"footnotes":""},"categories":[4,29],"tags":[],"class_list":["post-977","post","type-post","status-publish","format-standard","hentry","category-eso-1","category-portada"],"post_mailing_queue_ids":[],"_links":{"self":[{"href":"https:\/\/agora.xtec.cat\/inscomasisola\/wp-json\/wp\/v2\/posts\/977","targetHints":{"allow":["GET"]}}],"collection":[{"href":"https:\/\/agora.xtec.cat\/inscomasisola\/wp-json\/wp\/v2\/posts"}],"about":[{"href":"https:\/\/agora.xtec.cat\/inscomasisola\/wp-json\/wp\/v2\/types\/post"}],"author":[{"embeddable":true,"href":"https:\/\/agora.xtec.cat\/inscomasisola\/wp-json\/wp\/v2\/users\/1"}],"replies":[{"embeddable":true,"href":"https:\/\/agora.xtec.cat\/inscomasisola\/wp-json\/wp\/v2\/comments?post=977"}],"version-history":[{"count":3,"href":"https:\/\/agora.xtec.cat\/inscomasisola\/wp-json\/wp\/v2\/posts\/977\/revisions"}],"predecessor-version":[{"id":980,"href":"https:\/\/agora.xtec.cat\/inscomasisola\/wp-json\/wp\/v2\/posts\/977\/revisions\/980"}],"wp:attachment":[{"href":"https:\/\/agora.xtec.cat\/inscomasisola\/wp-json\/wp\/v2\/media?parent=977"}],"wp:term":[{"taxonomy":"category","embeddable":true,"href":"https:\/\/agora.xtec.cat\/inscomasisola\/wp-json\/wp\/v2\/categories?post=977"},{"taxonomy":"post_tag","embeddable":true,"href":"https:\/\/agora.xtec.cat\/inscomasisola\/wp-json\/wp\/v2\/tags?post=977"}],"curies":[{"name":"wp","href":"https:\/\/api.w.org\/{rel}","templated":true}]}}