{"id":973,"date":"2017-02-10T09:51:36","date_gmt":"2017-02-10T08:51:36","guid":{"rendered":"http:\/\/agora.xtec.cat\/inscomasisola\/?p=973"},"modified":"2017-02-10T09:52:07","modified_gmt":"2017-02-10T08:52:07","slug":"ssortida-a-la-barcelona-medieval-2n-eso","status":"publish","type":"post","link":"https:\/\/agora.xtec.cat\/inscomasisola\/eso\/eso-2\/ssortida-a-la-barcelona-medieval-2n-eso\/","title":{"rendered":"SORTIDA A LA BARCELONA MEDIEVAL \u2013 2n ESO"},"content":{"rendered":"<p>Els alumnes de 2n d\u2019ESO han visitat el Museu d\u2019Hist\u00f2ria de Barcelona, MUHBA, per con\u00e8ixer la formaci\u00f3 de Barcelona com a capital pol\u00edtica, artesanal i mercantil durant l\u2019Edat Mitjana. Han entrat al Sal\u00f3 del Tinell, una sala g\u00f2tica de 600 metresquadrats, on hi havia el tron del rei i la reina de la Corona Catalanoaragonesa.Tamb\u00e9 han vist la capella palatina de Santa \u00c0gueda, que t\u00e9 un campanar \u00fanic rematat, precisament, en forma de corona. I han fet un recorregut per carrers amb nom d\u2019ofici com el de l\u2019Argenteria,\u00a0 el passeig del Born,&#8230; culminant amb la visita a la bas\u00edlica de Santa Mar\u00eda del Mar, un dels monuments m\u00e9s interessants de la ciutat medieval que ha perdurat fins avui dia amb tot el seu esplendor.<\/p>\n","protected":false},"excerpt":{"rendered":"<p>Els alumnes de 2n d\u2019ESO han visitat el Museu d\u2019Hist\u00f2ria de Barcelona, MUHBA, per con\u00e8ixer la formaci\u00f3 de Barcelona com a capital pol\u00edtica, artesanal i mercantil durant l\u2019Edat Mitjana. Han entrat al Sal\u00f3 del Tinell, una sala g\u00f2tica de 600 metresquadrats, on hi havia el&hellip;  <a href=\"https:\/\/agora.xtec.cat\/inscomasisola\/eso\/eso-2\/ssortida-a-la-barcelona-medieval-2n-eso\/\" title=\"Read SORTIDA A LA BARCELONA MEDIEVAL \u2013 2n ESO\">Llegeix m\u00e9s\u00bb<\/a><\/p>\n","protected":false},"author":1,"featured_media":974,"comment_status":"open","ping_status":"open","sticky":false,"template":"","format":"standard","meta":{"_bbp_topic_count":0,"_bbp_reply_count":0,"_bbp_total_topic_count":0,"_bbp_total_reply_count":0,"_bbp_voice_count":0,"_bbp_anonymous_reply_count":0,"_bbp_topic_count_hidden":0,"_bbp_reply_count_hidden":0,"_bbp_forum_subforum_count":0,"footnotes":""},"categories":[5,29],"tags":[],"class_list":["post-973","post","type-post","status-publish","format-standard","has-post-thumbnail","hentry","category-eso-2","category-portada"],"post_mailing_queue_ids":[],"_links":{"self":[{"href":"https:\/\/agora.xtec.cat\/inscomasisola\/wp-json\/wp\/v2\/posts\/973","targetHints":{"allow":["GET"]}}],"collection":[{"href":"https:\/\/agora.xtec.cat\/inscomasisola\/wp-json\/wp\/v2\/posts"}],"about":[{"href":"https:\/\/agora.xtec.cat\/inscomasisola\/wp-json\/wp\/v2\/types\/post"}],"author":[{"embeddable":true,"href":"https:\/\/agora.xtec.cat\/inscomasisola\/wp-json\/wp\/v2\/users\/1"}],"replies":[{"embeddable":true,"href":"https:\/\/agora.xtec.cat\/inscomasisola\/wp-json\/wp\/v2\/comments?post=973"}],"version-history":[{"count":2,"href":"https:\/\/agora.xtec.cat\/inscomasisola\/wp-json\/wp\/v2\/posts\/973\/revisions"}],"predecessor-version":[{"id":976,"href":"https:\/\/agora.xtec.cat\/inscomasisola\/wp-json\/wp\/v2\/posts\/973\/revisions\/976"}],"wp:featuredmedia":[{"embeddable":true,"href":"https:\/\/agora.xtec.cat\/inscomasisola\/wp-json\/wp\/v2\/media\/974"}],"wp:attachment":[{"href":"https:\/\/agora.xtec.cat\/inscomasisola\/wp-json\/wp\/v2\/media?parent=973"}],"wp:term":[{"taxonomy":"category","embeddable":true,"href":"https:\/\/agora.xtec.cat\/inscomasisola\/wp-json\/wp\/v2\/categories?post=973"},{"taxonomy":"post_tag","embeddable":true,"href":"https:\/\/agora.xtec.cat\/inscomasisola\/wp-json\/wp\/v2\/tags?post=973"}],"curies":[{"name":"wp","href":"https:\/\/api.w.org\/{rel}","templated":true}]}}