{"id":968,"date":"2017-02-08T20:12:39","date_gmt":"2017-02-08T19:12:39","guid":{"rendered":"http:\/\/agora.xtec.cat\/inscomasisola\/?p=968"},"modified":"2017-02-08T20:13:34","modified_gmt":"2017-02-08T19:13:34","slug":"per-una-bona-convivencia","status":"publish","type":"post","link":"https:\/\/agora.xtec.cat\/inscomasisola\/mediacio\/per-una-bona-convivencia\/","title":{"rendered":"PER UNA BONA CONVIV\u00c8NCIA!"},"content":{"rendered":"<p><a href=\"http:\/\/agora.xtec.cat\/inscomasisola\/wp-content\/uploads\/usu1298\/2017\/02\/FullSizeRender-10.jpg\"><img loading=\"lazy\" decoding=\"async\" class=\"alignnone size-large wp-image-967\" src=\"http:\/\/agora.xtec.cat\/inscomasisola\/wp-content\/uploads\/usu1298\/2017\/02\/FullSizeRender-10-1024x822.jpg\" alt=\"fullsizerender-10\" width=\"1024\" height=\"822\" srcset=\"https:\/\/agora.xtec.cat\/inscomasisola\/wp-content\/uploads\/usu1298\/2017\/02\/FullSizeRender-10-1024x822.jpg 1024w, https:\/\/agora.xtec.cat\/inscomasisola\/wp-content\/uploads\/usu1298\/2017\/02\/FullSizeRender-10-300x241.jpg 300w, https:\/\/agora.xtec.cat\/inscomasisola\/wp-content\/uploads\/usu1298\/2017\/02\/FullSizeRender-10-768x617.jpg 768w\" sizes=\"auto, (max-width: 1024px) 100vw, 1024px\" \/><\/a><\/p>\n<p>L&#8217;Equip de mediadors hem confeccionat uns cartells amb esl\u00f2gans contra l&#8217;assetjament o bullying. Volem que tots hi pensem per un moment i prenem consci\u00e8ncia de qu\u00e8 si mai ens trobem davant una situaci\u00f3 d&#8217;aquest tipus i mirem cap a una altra banda ens convertirem en responsables del que estigui passant.<\/p>\n<p>Davant qualsevol injusticia: actua!<\/p>\n","protected":false},"excerpt":{"rendered":"<p><a href=\"http:\/\/agora.xtec.cat\/inscomasisola\/wp-content\/uploads\/usu1298\/2017\/02\/FullSizeRender-10.jpg\"><\/a><br \/>\nL&#8217;Equip de mediadors hem confeccionat uns cartells amb esl\u00f2gans contra l&#8217;assetjament o bullying. Volem que tots hi pensem per un moment i prenem consci\u00e8ncia de qu\u00e8 si mai ens trobem davant una situaci\u00f3 d&#8217;aquest tipus i mirem cap a una altra banda ens convertirem&hellip;  <a href=\"https:\/\/agora.xtec.cat\/inscomasisola\/mediacio\/per-una-bona-convivencia\/\" title=\"Read PER UNA BONA CONVIV\u00c8NCIA!\">Llegeix m\u00e9s\u00bb<\/a><\/p>\n","protected":false},"author":3,"featured_media":967,"comment_status":"open","ping_status":"open","sticky":false,"template":"","format":"standard","meta":{"_bbp_topic_count":0,"_bbp_reply_count":0,"_bbp_total_topic_count":0,"_bbp_total_reply_count":0,"_bbp_voice_count":0,"_bbp_anonymous_reply_count":0,"_bbp_topic_count_hidden":0,"_bbp_reply_count_hidden":0,"_bbp_forum_subforum_count":0,"footnotes":""},"categories":[69],"tags":[],"class_list":["post-968","post","type-post","status-publish","format-standard","has-post-thumbnail","hentry","category-mediacio"],"post_mailing_queue_ids":[],"_links":{"self":[{"href":"https:\/\/agora.xtec.cat\/inscomasisola\/wp-json\/wp\/v2\/posts\/968","targetHints":{"allow":["GET"]}}],"collection":[{"href":"https:\/\/agora.xtec.cat\/inscomasisola\/wp-json\/wp\/v2\/posts"}],"about":[{"href":"https:\/\/agora.xtec.cat\/inscomasisola\/wp-json\/wp\/v2\/types\/post"}],"author":[{"embeddable":true,"href":"https:\/\/agora.xtec.cat\/inscomasisola\/wp-json\/wp\/v2\/users\/3"}],"replies":[{"embeddable":true,"href":"https:\/\/agora.xtec.cat\/inscomasisola\/wp-json\/wp\/v2\/comments?post=968"}],"version-history":[{"count":3,"href":"https:\/\/agora.xtec.cat\/inscomasisola\/wp-json\/wp\/v2\/posts\/968\/revisions"}],"predecessor-version":[{"id":971,"href":"https:\/\/agora.xtec.cat\/inscomasisola\/wp-json\/wp\/v2\/posts\/968\/revisions\/971"}],"wp:featuredmedia":[{"embeddable":true,"href":"https:\/\/agora.xtec.cat\/inscomasisola\/wp-json\/wp\/v2\/media\/967"}],"wp:attachment":[{"href":"https:\/\/agora.xtec.cat\/inscomasisola\/wp-json\/wp\/v2\/media?parent=968"}],"wp:term":[{"taxonomy":"category","embeddable":true,"href":"https:\/\/agora.xtec.cat\/inscomasisola\/wp-json\/wp\/v2\/categories?post=968"},{"taxonomy":"post_tag","embeddable":true,"href":"https:\/\/agora.xtec.cat\/inscomasisola\/wp-json\/wp\/v2\/tags?post=968"}],"curies":[{"name":"wp","href":"https:\/\/api.w.org\/{rel}","templated":true}]}}