{"id":964,"date":"2017-02-01T11:19:10","date_gmt":"2017-02-01T10:19:10","guid":{"rendered":"http:\/\/agora.xtec.cat\/inscomasisola\/?p=964"},"modified":"2017-02-01T11:19:10","modified_gmt":"2017-02-01T10:19:10","slug":"la-poesia-ens-apropa","status":"publish","type":"post","link":"https:\/\/agora.xtec.cat\/inscomasisola\/eso\/eso-3\/la-poesia-ens-apropa\/","title":{"rendered":"La poesia ens apropa"},"content":{"rendered":"<p>L\u2019alumnat de 3r d\u2019ESO ha participat en un projecte que ens ha proposat Casa d\u2019\u00c0sia i que pret\u00e9n, a trav\u00e9s de la poesia, d\u2019apropar els nostres alumnes als botiguers i botigueres del barri. Pr\u00e8viament, hem treballat poesies de diversos autors catalans i el dimecres 18 de gener hem visitat els comerciants, els hem llegit les nostres poesies i ells ens han llegit les que s\u2019havien preparat. \u00a0A m\u00e9s, ens han explicat an\u00e8cdotes relacionades amb les seves botigues, ens han ensenyat com treballen\u2026<\/p>\n<p>Properament, tornarem a reunir-nos a l\u2019Espai Barcino amb tots els comerciants i alumnes que han participat per tornar a llegar les poesies treballades.<\/p>\n<p>&nbsp;<\/p>\n","protected":false},"excerpt":{"rendered":"<p>L\u2019alumnat de 3r d\u2019ESO ha participat en un projecte que ens ha proposat Casa d\u2019\u00c0sia i que pret\u00e9n, a trav\u00e9s de la poesia, d\u2019apropar els nostres alumnes als botiguers i botigueres del barri. Pr\u00e8viament, hem treballat poesies de diversos autors catalans i el dimecres 18&hellip;  <a href=\"https:\/\/agora.xtec.cat\/inscomasisola\/eso\/eso-3\/la-poesia-ens-apropa\/\" title=\"Read La poesia ens apropa\">Llegeix m\u00e9s\u00bb<\/a><\/p>\n","protected":false},"author":1,"featured_media":0,"comment_status":"open","ping_status":"open","sticky":false,"template":"","format":"standard","meta":{"_bbp_topic_count":0,"_bbp_reply_count":0,"_bbp_total_topic_count":0,"_bbp_total_reply_count":0,"_bbp_voice_count":0,"_bbp_anonymous_reply_count":0,"_bbp_topic_count_hidden":0,"_bbp_reply_count_hidden":0,"_bbp_forum_subforum_count":0,"footnotes":""},"categories":[6,29],"tags":[],"class_list":["post-964","post","type-post","status-publish","format-standard","hentry","category-eso-3","category-portada"],"post_mailing_queue_ids":[],"_links":{"self":[{"href":"https:\/\/agora.xtec.cat\/inscomasisola\/wp-json\/wp\/v2\/posts\/964","targetHints":{"allow":["GET"]}}],"collection":[{"href":"https:\/\/agora.xtec.cat\/inscomasisola\/wp-json\/wp\/v2\/posts"}],"about":[{"href":"https:\/\/agora.xtec.cat\/inscomasisola\/wp-json\/wp\/v2\/types\/post"}],"author":[{"embeddable":true,"href":"https:\/\/agora.xtec.cat\/inscomasisola\/wp-json\/wp\/v2\/users\/1"}],"replies":[{"embeddable":true,"href":"https:\/\/agora.xtec.cat\/inscomasisola\/wp-json\/wp\/v2\/comments?post=964"}],"version-history":[{"count":1,"href":"https:\/\/agora.xtec.cat\/inscomasisola\/wp-json\/wp\/v2\/posts\/964\/revisions"}],"predecessor-version":[{"id":965,"href":"https:\/\/agora.xtec.cat\/inscomasisola\/wp-json\/wp\/v2\/posts\/964\/revisions\/965"}],"wp:attachment":[{"href":"https:\/\/agora.xtec.cat\/inscomasisola\/wp-json\/wp\/v2\/media?parent=964"}],"wp:term":[{"taxonomy":"category","embeddable":true,"href":"https:\/\/agora.xtec.cat\/inscomasisola\/wp-json\/wp\/v2\/categories?post=964"},{"taxonomy":"post_tag","embeddable":true,"href":"https:\/\/agora.xtec.cat\/inscomasisola\/wp-json\/wp\/v2\/tags?post=964"}],"curies":[{"name":"wp","href":"https:\/\/api.w.org\/{rel}","templated":true}]}}