{"id":836,"date":"2016-10-23T14:21:21","date_gmt":"2016-10-23T12:21:21","guid":{"rendered":"http:\/\/agora.xtec.cat\/inscomasisola\/?p=836"},"modified":"2016-10-24T09:05:20","modified_gmt":"2016-10-24T07:05:20","slug":"preparem-el-dia-de-la-diversitat","status":"publish","type":"post","link":"https:\/\/agora.xtec.cat\/inscomasisola\/portada\/preparem-el-dia-de-la-diversitat\/","title":{"rendered":"PREPAREM EL DIA DE LA DIVERSITAT"},"content":{"rendered":"<p>El passat 3 d&#8217;octubre, els alumnes d&#8217;acollida i els mediadors \u00a0vam participar en el taller<\/p>\n<p>&#8221; Quins s\u00f3n els drets fonamentals?&#8221;<\/p>\n<p>L&#8217;objectiu del taller va ser donar a con\u00e8ixer els Drets humans que es treballaran el Dia de la Diversitat aix\u00ed com reflexionar sobre situacions en qu\u00e8\u00a0es vulneren els mateixos.<\/p>\n<p>Va ser molt interessant.<\/p>\n<p><a href=\"http:\/\/agora.xtec.cat\/inscomasisola\/wp-content\/uploads\/usu1298\/2016\/10\/Fotos-053.jpg\"><img loading=\"lazy\" decoding=\"async\" class=\"alignnone size-large wp-image-835\" src=\"http:\/\/agora.xtec.cat\/inscomasisola\/wp-content\/uploads\/usu1298\/2016\/10\/Fotos-053-1024x768.jpg\" alt=\"fotos-053\" width=\"1024\" height=\"768\" srcset=\"https:\/\/agora.xtec.cat\/inscomasisola\/wp-content\/uploads\/usu1298\/2016\/10\/Fotos-053-1024x768.jpg 1024w, https:\/\/agora.xtec.cat\/inscomasisola\/wp-content\/uploads\/usu1298\/2016\/10\/Fotos-053-300x225.jpg 300w, https:\/\/agora.xtec.cat\/inscomasisola\/wp-content\/uploads\/usu1298\/2016\/10\/Fotos-053-768x576.jpg 768w, https:\/\/agora.xtec.cat\/inscomasisola\/wp-content\/uploads\/usu1298\/2016\/10\/Fotos-053-200x150.jpg 200w\" sizes=\"auto, (max-width: 1024px) 100vw, 1024px\" \/><\/a><a href=\"http:\/\/agora.xtec.cat\/inscomasisola\/wp-content\/uploads\/usu1298\/2016\/10\/Fotos-052.jpg\"><img loading=\"lazy\" decoding=\"async\" class=\"alignnone size-large wp-image-834\" src=\"http:\/\/agora.xtec.cat\/inscomasisola\/wp-content\/uploads\/usu1298\/2016\/10\/Fotos-052-1024x768.jpg\" alt=\"fotos-052\" width=\"1024\" height=\"768\" srcset=\"https:\/\/agora.xtec.cat\/inscomasisola\/wp-content\/uploads\/usu1298\/2016\/10\/Fotos-052-1024x768.jpg 1024w, https:\/\/agora.xtec.cat\/inscomasisola\/wp-content\/uploads\/usu1298\/2016\/10\/Fotos-052-300x225.jpg 300w, https:\/\/agora.xtec.cat\/inscomasisola\/wp-content\/uploads\/usu1298\/2016\/10\/Fotos-052-768x576.jpg 768w, https:\/\/agora.xtec.cat\/inscomasisola\/wp-content\/uploads\/usu1298\/2016\/10\/Fotos-052-200x150.jpg 200w\" sizes=\"auto, (max-width: 1024px) 100vw, 1024px\" \/><\/a><\/p>\n","protected":false},"excerpt":{"rendered":"<p>El passat 3 d&#8217;octubre, els alumnes d&#8217;acollida i els mediadors \u00a0vam participar en el taller<br \/>\n&#8221; Quins s\u00f3n els drets fonamentals?&#8221;<br \/>\nL&#8217;objectiu del taller va ser donar a con\u00e8ixer els Drets humans que es treballaran el Dia de la Diversitat aix\u00ed com reflexionar sobre situacions en qu\u00e8\u00a0es&hellip;  <a href=\"https:\/\/agora.xtec.cat\/inscomasisola\/portada\/preparem-el-dia-de-la-diversitat\/\" title=\"Read PREPAREM EL DIA DE LA DIVERSITAT\">Llegeix m\u00e9s\u00bb<\/a><\/p>\n","protected":false},"author":3,"featured_media":835,"comment_status":"open","ping_status":"open","sticky":false,"template":"","format":"standard","meta":{"_bbp_topic_count":0,"_bbp_reply_count":0,"_bbp_total_topic_count":0,"_bbp_total_reply_count":0,"_bbp_voice_count":0,"_bbp_anonymous_reply_count":0,"_bbp_topic_count_hidden":0,"_bbp_reply_count_hidden":0,"_bbp_forum_subforum_count":0,"footnotes":""},"categories":[69,29],"tags":[],"class_list":["post-836","post","type-post","status-publish","format-standard","has-post-thumbnail","hentry","category-mediacio","category-portada"],"post_mailing_queue_ids":[],"_links":{"self":[{"href":"https:\/\/agora.xtec.cat\/inscomasisola\/wp-json\/wp\/v2\/posts\/836","targetHints":{"allow":["GET"]}}],"collection":[{"href":"https:\/\/agora.xtec.cat\/inscomasisola\/wp-json\/wp\/v2\/posts"}],"about":[{"href":"https:\/\/agora.xtec.cat\/inscomasisola\/wp-json\/wp\/v2\/types\/post"}],"author":[{"embeddable":true,"href":"https:\/\/agora.xtec.cat\/inscomasisola\/wp-json\/wp\/v2\/users\/3"}],"replies":[{"embeddable":true,"href":"https:\/\/agora.xtec.cat\/inscomasisola\/wp-json\/wp\/v2\/comments?post=836"}],"version-history":[{"count":3,"href":"https:\/\/agora.xtec.cat\/inscomasisola\/wp-json\/wp\/v2\/posts\/836\/revisions"}],"predecessor-version":[{"id":839,"href":"https:\/\/agora.xtec.cat\/inscomasisola\/wp-json\/wp\/v2\/posts\/836\/revisions\/839"}],"wp:featuredmedia":[{"embeddable":true,"href":"https:\/\/agora.xtec.cat\/inscomasisola\/wp-json\/wp\/v2\/media\/835"}],"wp:attachment":[{"href":"https:\/\/agora.xtec.cat\/inscomasisola\/wp-json\/wp\/v2\/media?parent=836"}],"wp:term":[{"taxonomy":"category","embeddable":true,"href":"https:\/\/agora.xtec.cat\/inscomasisola\/wp-json\/wp\/v2\/categories?post=836"},{"taxonomy":"post_tag","embeddable":true,"href":"https:\/\/agora.xtec.cat\/inscomasisola\/wp-json\/wp\/v2\/tags?post=836"}],"curies":[{"name":"wp","href":"https:\/\/api.w.org\/{rel}","templated":true}]}}