{"id":672,"date":"2016-05-20T11:02:12","date_gmt":"2016-05-20T10:02:12","guid":{"rendered":"http:\/\/agora.xtec.cat\/inscomasisola\/?p=672"},"modified":"2016-05-30T19:00:03","modified_gmt":"2016-05-30T18:00:03","slug":"jornada-alumnat-mediador","status":"publish","type":"post","link":"https:\/\/agora.xtec.cat\/inscomasisola\/portada\/jornada-alumnat-mediador\/","title":{"rendered":"JORNADA ALUMNAT MEDIADOR"},"content":{"rendered":"<p>L\u2019Equip de Mediadors de l\u2019institut vam assistir dimecres passat a la Jornada d\u2019alumnat mediador \u201cConviv\u00e8ncia en construcci\u00f3\u201d que va tenir lloc a l\u2019Institut Mois\u00e9s Broggi.<\/p>\n<p>Els alumnes de tots els centres participants vam haver d\u2019exposar com es treballa a l\u2019institut per tal d\u2019aconseguir una bona conviv\u00e8ncia tant des de les tutories com des de la mediaci\u00f3 i,sobretot, des de les actituds dels propis alumnes envers els companys i professors.<\/p>\n<p>Posteriorment vam participar d\u2019un taller que consistia en crear una \u201cciutat per a la conviv\u00e8ncia \u201c per tal de fer un m\u00f3n m\u00e9s agradable i pac\u00edfic per a tots basat en la toler\u00e0ncia, el respecte, l\u2019empatia, la col.laboraci\u00f3 i el di\u00e0leg entre altres aspectes.<\/p>\n<p>Va ser una experi\u00e8ncia molt positiva i enriquidora.<\/p>\n<p><a href=\"http:\/\/agora.xtec.cat\/inscomasisola\/wp-content\/uploads\/usu1298\/2016\/05\/Fotos-0101.jpg\"><img loading=\"lazy\" decoding=\"async\" class=\"alignnone size-large wp-image-673\" src=\"http:\/\/agora.xtec.cat\/inscomasisola\/wp-content\/uploads\/usu1298\/2016\/05\/Fotos-0101-1024x768.jpg\" alt=\"Fotos 010\" width=\"1024\" height=\"768\" srcset=\"https:\/\/agora.xtec.cat\/inscomasisola\/wp-content\/uploads\/usu1298\/2016\/05\/Fotos-0101-1024x768.jpg 1024w, https:\/\/agora.xtec.cat\/inscomasisola\/wp-content\/uploads\/usu1298\/2016\/05\/Fotos-0101-300x225.jpg 300w, https:\/\/agora.xtec.cat\/inscomasisola\/wp-content\/uploads\/usu1298\/2016\/05\/Fotos-0101-200x150.jpg 200w\" sizes=\"auto, (max-width: 1024px) 100vw, 1024px\" \/><\/a> <a href=\"http:\/\/agora.xtec.cat\/inscomasisola\/wp-content\/uploads\/usu1298\/2016\/05\/Fotos-0111.jpg\"><img loading=\"lazy\" decoding=\"async\" class=\"alignnone size-large wp-image-674\" src=\"http:\/\/agora.xtec.cat\/inscomasisola\/wp-content\/uploads\/usu1298\/2016\/05\/Fotos-0111-1024x768.jpg\" alt=\"Fotos 011\" width=\"1024\" height=\"768\" srcset=\"https:\/\/agora.xtec.cat\/inscomasisola\/wp-content\/uploads\/usu1298\/2016\/05\/Fotos-0111-1024x768.jpg 1024w, https:\/\/agora.xtec.cat\/inscomasisola\/wp-content\/uploads\/usu1298\/2016\/05\/Fotos-0111-300x225.jpg 300w, https:\/\/agora.xtec.cat\/inscomasisola\/wp-content\/uploads\/usu1298\/2016\/05\/Fotos-0111-200x150.jpg 200w\" sizes=\"auto, (max-width: 1024px) 100vw, 1024px\" \/><\/a> <a href=\"http:\/\/agora.xtec.cat\/inscomasisola\/wp-content\/uploads\/usu1298\/2016\/05\/Fotos-0091.jpg\"><img loading=\"lazy\" decoding=\"async\" class=\"alignnone size-large wp-image-675\" src=\"http:\/\/agora.xtec.cat\/inscomasisola\/wp-content\/uploads\/usu1298\/2016\/05\/Fotos-0091-768x1024.jpg\" alt=\"Fotos 009\" width=\"768\" height=\"1024\" srcset=\"https:\/\/agora.xtec.cat\/inscomasisola\/wp-content\/uploads\/usu1298\/2016\/05\/Fotos-0091-768x1024.jpg 768w, https:\/\/agora.xtec.cat\/inscomasisola\/wp-content\/uploads\/usu1298\/2016\/05\/Fotos-0091-225x300.jpg 225w\" sizes=\"auto, (max-width: 768px) 100vw, 768px\" \/><\/a><\/p>\n","protected":false},"excerpt":{"rendered":"<p>L\u2019Equip de Mediadors de l\u2019institut vam assistir dimecres passat a la Jornada d\u2019alumnat mediador \u201cConviv\u00e8ncia en construcci\u00f3\u201d que va tenir lloc a l\u2019Institut Mois\u00e9s Broggi.<br \/>\nEls alumnes de tots els centres participants vam haver d\u2019exposar com es treballa a l\u2019institut per tal d\u2019aconseguir una bona conviv\u00e8ncia&hellip;  <a href=\"https:\/\/agora.xtec.cat\/inscomasisola\/portada\/jornada-alumnat-mediador\/\" title=\"Read JORNADA ALUMNAT MEDIADOR\">Llegeix m\u00e9s\u00bb<\/a><\/p>\n","protected":false},"author":1,"featured_media":0,"comment_status":"open","ping_status":"open","sticky":false,"template":"","format":"standard","meta":{"_bbp_topic_count":0,"_bbp_reply_count":0,"_bbp_total_topic_count":0,"_bbp_total_reply_count":0,"_bbp_voice_count":0,"_bbp_anonymous_reply_count":0,"_bbp_topic_count_hidden":0,"_bbp_reply_count_hidden":0,"_bbp_forum_subforum_count":0,"footnotes":""},"categories":[69,29],"tags":[],"class_list":["post-672","post","type-post","status-publish","format-standard","hentry","category-mediacio","category-portada"],"post_mailing_queue_ids":[],"_links":{"self":[{"href":"https:\/\/agora.xtec.cat\/inscomasisola\/wp-json\/wp\/v2\/posts\/672","targetHints":{"allow":["GET"]}}],"collection":[{"href":"https:\/\/agora.xtec.cat\/inscomasisola\/wp-json\/wp\/v2\/posts"}],"about":[{"href":"https:\/\/agora.xtec.cat\/inscomasisola\/wp-json\/wp\/v2\/types\/post"}],"author":[{"embeddable":true,"href":"https:\/\/agora.xtec.cat\/inscomasisola\/wp-json\/wp\/v2\/users\/1"}],"replies":[{"embeddable":true,"href":"https:\/\/agora.xtec.cat\/inscomasisola\/wp-json\/wp\/v2\/comments?post=672"}],"version-history":[{"count":3,"href":"https:\/\/agora.xtec.cat\/inscomasisola\/wp-json\/wp\/v2\/posts\/672\/revisions"}],"predecessor-version":[{"id":729,"href":"https:\/\/agora.xtec.cat\/inscomasisola\/wp-json\/wp\/v2\/posts\/672\/revisions\/729"}],"wp:attachment":[{"href":"https:\/\/agora.xtec.cat\/inscomasisola\/wp-json\/wp\/v2\/media?parent=672"}],"wp:term":[{"taxonomy":"category","embeddable":true,"href":"https:\/\/agora.xtec.cat\/inscomasisola\/wp-json\/wp\/v2\/categories?post=672"},{"taxonomy":"post_tag","embeddable":true,"href":"https:\/\/agora.xtec.cat\/inscomasisola\/wp-json\/wp\/v2\/tags?post=672"}],"curies":[{"name":"wp","href":"https:\/\/api.w.org\/{rel}","templated":true}]}}