{"id":627,"date":"2015-11-26T18:15:08","date_gmt":"2015-11-26T17:15:08","guid":{"rendered":"http:\/\/blocs.xtec.cat\/mediaciojosepcomas\/?p=238"},"modified":"2016-05-30T09:50:18","modified_gmt":"2016-05-30T08:50:18","slug":"i-jo-que-hi-puc-fer","status":"publish","type":"post","link":"https:\/\/agora.xtec.cat\/inscomasisola\/general\/i-jo-que-hi-puc-fer\/","title":{"rendered":"I JO, QU\u00c8 HI PUC FER?"},"content":{"rendered":"<p><a href=\"http:\/\/agora.xtec.cat\/inscomasisola\/wp-content\/uploads\/usu1298\/2015\/11\/cuales-son-los-derechos-humanos.jpg\"><img loading=\"lazy\" decoding=\"async\" class=\" size-full wp-image-228 aligncenter\" src=\"http:\/\/agora.xtec.cat\/inscomasisola\/wp-content\/uploads\/usu1298\/2015\/11\/cuales-son-los-derechos-humanos.jpg\" alt=\"cuales-son-los-derechos-humanos\" width=\"415\" height=\"296\" \/><\/a><\/p>\n<p>&nbsp;<\/p>\n<p>Desafortunadament, <strong>a l\u2019actuatitat es cometen greus violacions contra els Drets humans i llibertats principals i fonamentals <\/strong>per a la humanitat, posant en risc els valors i la dignitat de les persones.<\/p>\n<p>Segons estudis realitzats els pa\u00efsos subdesenvolupats s\u00f3n on es d\u00f3na un \u00edndex m\u00e9s elevat de violacions dels Drets humans,fent notar la manca de coneixement dels mateixos, aix\u00ed com el poc inter\u00e9s de les autoritats corresponents.<\/p>\n<p>T<strong>ot podem col.laborar en procurar que es respectin els nostres drets. <\/strong><\/p>\n<p><strong>Qu\u00e8 hi podem fer??\u00a0<\/strong><\/p>\n<ul style=\"list-style-type: square;\">\n<li>No discriminar ning\u00fa per la seva ra\u00e7a, origen. religi\u00f3, classe social&#8230;<\/li>\n<li>No tolerar actituds masclistes<\/li>\n<li>Toler\u00e0ncia cero davant la viol\u00e8ncia<\/li>\n<li>Contribuir en campanyes solid\u00e0ries que lluiten contra la fam com la recollida d&#8217;aliments que fan algunes entitats<\/li>\n<li>Lluitar per una Educaci\u00f3 p\u00fablica i gratu\u00efta fins a la universitat<\/li>\n<li>Manifestar-nos quan volguem reivindicar alguna cosa<\/li>\n<li>Exercir el nostre dret a expressar-no lliurement<\/li>\n<li>Dir no a la guerra&#8230;<\/li>\n<\/ul>\n<p>Les accions individuals s\u00f3n importants perqu\u00e8 si les sumem acabem assolint grans fites!<\/p>\n<p>&nbsp;<\/p>\n","protected":false},"excerpt":{"rendered":"<p><a href=\"http:\/\/agora.xtec.cat\/inscomasisola\/wp-content\/uploads\/usu1298\/2015\/11\/cuales-son-los-derechos-humanos.jpg\"><\/a><br \/>\n&nbsp;<br \/>\nDesafortunadament, a l\u2019actuatitat es cometen greus violacions contra els Drets humans i llibertats principals i fonamentals per a la humanitat, posant en risc els valors i la dignitat de les persones.<br \/>\nSegons estudis realitzats els pa\u00efsos subdesenvolupats s\u00f3n on es d\u00f3na un \u00edndex m\u00e9s elevat&hellip;  <a href=\"https:\/\/agora.xtec.cat\/inscomasisola\/general\/i-jo-que-hi-puc-fer\/\" title=\"Read I JO, QU\u00c8 HI PUC FER?\">Llegeix m\u00e9s\u00bb<\/a><\/p>\n","protected":false},"author":3,"featured_media":605,"comment_status":"open","ping_status":"open","sticky":false,"template":"","format":"standard","meta":{"_bbp_topic_count":0,"_bbp_reply_count":0,"_bbp_total_topic_count":0,"_bbp_total_reply_count":0,"_bbp_voice_count":0,"_bbp_anonymous_reply_count":0,"_bbp_topic_count_hidden":0,"_bbp_reply_count_hidden":0,"_bbp_forum_subforum_count":0,"footnotes":""},"categories":[1,69],"tags":[70],"class_list":["post-627","post","type-post","status-publish","format-standard","has-post-thumbnail","hentry","category-general","category-mediacio","tag-mediacio"],"post_mailing_queue_ids":[],"_links":{"self":[{"href":"https:\/\/agora.xtec.cat\/inscomasisola\/wp-json\/wp\/v2\/posts\/627","targetHints":{"allow":["GET"]}}],"collection":[{"href":"https:\/\/agora.xtec.cat\/inscomasisola\/wp-json\/wp\/v2\/posts"}],"about":[{"href":"https:\/\/agora.xtec.cat\/inscomasisola\/wp-json\/wp\/v2\/types\/post"}],"author":[{"embeddable":true,"href":"https:\/\/agora.xtec.cat\/inscomasisola\/wp-json\/wp\/v2\/users\/3"}],"replies":[{"embeddable":true,"href":"https:\/\/agora.xtec.cat\/inscomasisola\/wp-json\/wp\/v2\/comments?post=627"}],"version-history":[{"count":2,"href":"https:\/\/agora.xtec.cat\/inscomasisola\/wp-json\/wp\/v2\/posts\/627\/revisions"}],"predecessor-version":[{"id":653,"href":"https:\/\/agora.xtec.cat\/inscomasisola\/wp-json\/wp\/v2\/posts\/627\/revisions\/653"}],"wp:featuredmedia":[{"embeddable":true,"href":"https:\/\/agora.xtec.cat\/inscomasisola\/wp-json\/wp\/v2\/media\/605"}],"wp:attachment":[{"href":"https:\/\/agora.xtec.cat\/inscomasisola\/wp-json\/wp\/v2\/media?parent=627"}],"wp:term":[{"taxonomy":"category","embeddable":true,"href":"https:\/\/agora.xtec.cat\/inscomasisola\/wp-json\/wp\/v2\/categories?post=627"},{"taxonomy":"post_tag","embeddable":true,"href":"https:\/\/agora.xtec.cat\/inscomasisola\/wp-json\/wp\/v2\/tags?post=627"}],"curies":[{"name":"wp","href":"https:\/\/api.w.org\/{rel}","templated":true}]}}