{"id":626,"date":"2015-11-26T18:03:20","date_gmt":"2015-11-26T17:03:20","guid":{"rendered":"http:\/\/blocs.xtec.cat\/mediaciojosepcomas\/?p=233"},"modified":"2016-05-30T15:48:59","modified_gmt":"2016-05-30T14:48:59","slug":"que-son-els-drets-humans-i-per-a-que-serveixen","status":"publish","type":"post","link":"https:\/\/agora.xtec.cat\/inscomasisola\/general\/que-son-els-drets-humans-i-per-a-que-serveixen\/","title":{"rendered":"QU\u00c8 S\u00d3N ELS DRETS HUMANS I PER A QU\u00c8 SERVEIXEN?"},"content":{"rendered":"<p><a href=\"http:\/\/agora.xtec.cat\/inscomasisola\/wp-content\/uploads\/usu1298\/2015\/11\/cuales-son-los-derechos-humanos-1.jpg\"><img loading=\"lazy\" decoding=\"async\" class=\" size-full wp-image-230 aligncenter\" src=\"http:\/\/agora.xtec.cat\/inscomasisola\/wp-content\/uploads\/usu1298\/2015\/11\/cuales-son-los-derechos-humanos-1.jpg\" alt=\"cuales-son-los-derechos-humanos (1)\" width=\"405\" height=\"300\" \/><\/a><\/p>\n<p>Els drets humans s\u00f3n uns drets b\u00e0sics que tenim els humans per tal de garantir que tinguem una vida digna i al ateix temps protegir-nos contra les injusticies que atemptin contra la nostra dignitat. L\u2019objectiu \u00e9s una societat que respecti a tots per igual.<\/p>\n<p>Sense importar l\u2019origen \u00e8tnic, \u00a0la classe social, nacionalitat, sexe, edat, orientaci\u00f3 sexual \u00a0o religi\u00f3 entre altres condicions, els drets humans s\u00f3n una part esencial de les persones.<\/p>\n<p>L\u2019any 1945 es constitueix l\u2019Organitzaci\u00f3 de les Nacions Unides ONU. Els drets humans moderns es van signar a la Declaraci\u00f3 Universal dels Drets Humans on van ser resumits en 30 articles per l\u2019Assemblea General de les Nacions Unides l\u2019any 1948 \u00a0i, al llarg del temps, s\u2019han adaptat a tractats internacionals i lleis locals.<\/p>\n<p>&nbsp;<\/p>\n","protected":false},"excerpt":{"rendered":"<p><a href=\"http:\/\/agora.xtec.cat\/inscomasisola\/wp-content\/uploads\/usu1298\/2015\/11\/cuales-son-los-derechos-humanos-1.jpg\"><\/a><br \/>\nEls drets humans s\u00f3n uns drets b\u00e0sics que tenim els humans per tal de garantir que tinguem una vida digna i al ateix temps protegir-nos contra les injusticies que atemptin contra la nostra dignitat. L\u2019objectiu \u00e9s una societat que respecti a tots per igual.<br \/>\nSense&hellip;  <a href=\"https:\/\/agora.xtec.cat\/inscomasisola\/general\/que-son-els-drets-humans-i-per-a-que-serveixen\/\" title=\"Read QU\u00c8 S\u00d3N ELS DRETS HUMANS I PER A QU\u00c8 SERVEIXEN?\">Llegeix m\u00e9s\u00bb<\/a><\/p>\n","protected":false},"author":3,"featured_media":0,"comment_status":"open","ping_status":"open","sticky":false,"template":"","format":"standard","meta":{"_bbp_topic_count":0,"_bbp_reply_count":0,"_bbp_total_topic_count":0,"_bbp_total_reply_count":0,"_bbp_voice_count":0,"_bbp_anonymous_reply_count":0,"_bbp_topic_count_hidden":0,"_bbp_reply_count_hidden":0,"_bbp_forum_subforum_count":0,"footnotes":""},"categories":[1,69],"tags":[70],"class_list":["post-626","post","type-post","status-publish","format-standard","hentry","category-general","category-mediacio","tag-mediacio"],"post_mailing_queue_ids":[],"_links":{"self":[{"href":"https:\/\/agora.xtec.cat\/inscomasisola\/wp-json\/wp\/v2\/posts\/626","targetHints":{"allow":["GET"]}}],"collection":[{"href":"https:\/\/agora.xtec.cat\/inscomasisola\/wp-json\/wp\/v2\/posts"}],"about":[{"href":"https:\/\/agora.xtec.cat\/inscomasisola\/wp-json\/wp\/v2\/types\/post"}],"author":[{"embeddable":true,"href":"https:\/\/agora.xtec.cat\/inscomasisola\/wp-json\/wp\/v2\/users\/3"}],"replies":[{"embeddable":true,"href":"https:\/\/agora.xtec.cat\/inscomasisola\/wp-json\/wp\/v2\/comments?post=626"}],"version-history":[{"count":3,"href":"https:\/\/agora.xtec.cat\/inscomasisola\/wp-json\/wp\/v2\/posts\/626\/revisions"}],"predecessor-version":[{"id":19919,"href":"https:\/\/agora.xtec.cat\/inscomasisola\/wp-json\/wp\/v2\/posts\/626\/revisions\/19919"}],"wp:attachment":[{"href":"https:\/\/agora.xtec.cat\/inscomasisola\/wp-json\/wp\/v2\/media?parent=626"}],"wp:term":[{"taxonomy":"category","embeddable":true,"href":"https:\/\/agora.xtec.cat\/inscomasisola\/wp-json\/wp\/v2\/categories?post=626"},{"taxonomy":"post_tag","embeddable":true,"href":"https:\/\/agora.xtec.cat\/inscomasisola\/wp-json\/wp\/v2\/tags?post=626"}],"curies":[{"name":"wp","href":"https:\/\/api.w.org\/{rel}","templated":true}]}}