{"id":625,"date":"2015-11-26T18:03:52","date_gmt":"2015-11-26T17:03:52","guid":{"rendered":"http:\/\/blocs.xtec.cat\/mediaciojosepcomas\/?p=231"},"modified":"2016-05-30T09:52:26","modified_gmt":"2016-05-30T08:52:26","slug":"231","status":"publish","type":"post","link":"https:\/\/agora.xtec.cat\/inscomasisola\/general\/231\/","title":{"rendered":"ELS DRETS HUMANS"},"content":{"rendered":"<p><a href=\"http:\/\/agora.xtec.cat\/inscomasisola\/wp-content\/uploads\/usu1298\/2015\/11\/cuales-son-los-derechos-humanos.png\"><img loading=\"lazy\" decoding=\"async\" class=\" size-full wp-image-229 aligncenter\" src=\"http:\/\/agora.xtec.cat\/inscomasisola\/wp-content\/uploads\/usu1298\/2015\/11\/cuales-son-los-derechos-humanos.png\" alt=\"cuales-son-los-derechos-humanos\" width=\"425\" height=\"245\" \/><\/a><\/p>\n<p><strong>Tot home i dona pel fet de tenir la condici\u00f3 d\u2019hum\u00e0 t\u00e9 dret a:<\/strong><\/p>\n<ul>\n<li><strong>A la vida<\/strong><\/li>\n<li><strong>A la integritat personal f\u00edsica, ps\u00edquica i moral.<\/strong><\/li>\n<li><strong>A la libertat personal.<\/strong><\/li>\n<li><strong>A peticionar davant les autoritats<\/strong><\/li>\n<li><strong>A la libertat d\u2019expressi\u00f3.<\/strong><\/li>\n<li><strong>A la protecci\u00f3 de la libertat de conci\u00e8ncia i de religi\u00f3.<\/strong><\/li>\n<li><strong>A reunir-se lliurement i \u00a0a asociar-se.<\/strong><\/li>\n<li><strong>A la identItat i a la nacionalitat.<\/strong><\/li>\n<li><strong>A la propietat privada.<\/strong><\/li>\n<li><strong>A circular i a residir en el territori d\u2019un Estat.<\/strong><\/li>\n<li><strong>A un judici just en un termini raonable davant un tribunal objetiu, independent i imparcial ia la doble inst\u00e0ncia judicial.<\/strong><\/li>\n<li><strong>A la presumpci\u00f3 d\u2019inoc\u00e8ncia.<\/strong><\/li>\n<li><strong>A la defensa.<\/strong><\/li>\n<li><strong>A no ser discriminat.<\/strong><\/li>\n<li><strong>A treballar<\/strong><\/li>\n<li><strong>A la salut.<\/strong><\/li>\n<li><strong>A la cultura.<\/strong><\/li>\n<li><strong>A la protecci\u00f3 i assist\u00e8ncia familiar.<\/strong><\/li>\n<li><strong>A l\u2019assist\u00e8ncia de nens i adolescents.<\/strong><\/li>\n<li><strong>A una alimentaci\u00f3, vestit i habitatge adequats.<\/strong><\/li>\n<li><strong>A l\u2019educaci\u00f3 p\u00fablica i gratu\u00efta en tots els nivells de l\u2019ensenyament.<\/strong><\/li>\n<li><strong>A un medi ambient s\u00e0 i equilibrat<\/strong><\/li>\n<li><strong>A l\u2019autodeterminaci\u00f3 dels pobles<\/strong><\/li>\n<li><strong>A la protecci\u00f3 de la seva salut, seguretat \u00a0e interessos econ\u00f2mics i a una informaci\u00f3 adequada\u00a0 en relaci\u00f3 al consum i \u00fas de b\u00e9ns i serveis.<\/strong><\/li>\n<li><strong>A viure en pau.<\/strong><\/li>\n<li><strong>Al desenvolupament hum\u00e0 econ\u00f2mic i social sostenible.<\/strong><\/li>\n<\/ul>\n<p>&nbsp;<\/p>\n","protected":false},"excerpt":{"rendered":"<p><a href=\"http:\/\/agora.xtec.cat\/inscomasisola\/wp-content\/uploads\/usu1298\/2015\/11\/cuales-son-los-derechos-humanos.png\"><\/a><br \/>\nTot home i dona pel fet de tenir la condici\u00f3 d\u2019hum\u00e0 t\u00e9 dret a:<\/p>\n<ul>\n<li>A la vida<\/li>\n<li>A la integritat personal f\u00edsica, ps\u00edquica i moral.<\/li>\n<li>A la libertat personal.<\/li>\n<li>A peticionar davant les autoritats<\/li>\n<li>A la libertat d\u2019expressi\u00f3.<\/li>\n<li>A la protecci\u00f3 de la libertat de conci\u00e8ncia i de religi\u00f3.<\/li>\n<li>A reunir-se&hellip;  <a href=\"https:\/\/agora.xtec.cat\/inscomasisola\/general\/231\/\" title=\"Read ELS DRETS HUMANS\">Llegeix m\u00e9s\u00bb<\/a><br \/>\n","protected":false},"author":3,"featured_media":606,"comment_status":"open","ping_status":"open","sticky":false,"template":"","format":"standard","meta":{"_bbp_topic_count":0,"_bbp_reply_count":0,"_bbp_total_topic_count":0,"_bbp_total_reply_count":0,"_bbp_voice_count":0,"_bbp_anonymous_reply_count":0,"_bbp_topic_count_hidden":0,"_bbp_reply_count_hidden":0,"_bbp_forum_subforum_count":0,"footnotes":""},"categories":[1,69],"tags":[70],"class_list":["post-625","post","type-post","status-publish","format-standard","has-post-thumbnail","hentry","category-general","category-mediacio","tag-mediacio"],"post_mailing_queue_ids":[],"_links":{"self":[{"href":"https:\/\/agora.xtec.cat\/inscomasisola\/wp-json\/wp\/v2\/posts\/625","targetHints":{"allow":["GET"]}}],"collection":[{"href":"https:\/\/agora.xtec.cat\/inscomasisola\/wp-json\/wp\/v2\/posts"}],"about":[{"href":"https:\/\/agora.xtec.cat\/inscomasisola\/wp-json\/wp\/v2\/types\/post"}],"author":[{"embeddable":true,"href":"https:\/\/agora.xtec.cat\/inscomasisola\/wp-json\/wp\/v2\/users\/3"}],"replies":[{"embeddable":true,"href":"https:\/\/agora.xtec.cat\/inscomasisola\/wp-json\/wp\/v2\/comments?post=625"}],"version-history":[{"count":2,"href":"https:\/\/agora.xtec.cat\/inscomasisola\/wp-json\/wp\/v2\/posts\/625\/revisions"}],"predecessor-version":[{"id":655,"href":"https:\/\/agora.xtec.cat\/inscomasisola\/wp-json\/wp\/v2\/posts\/625\/revisions\/655"}],"wp:featuredmedia":[{"embeddable":true,"href":"https:\/\/agora.xtec.cat\/inscomasisola\/wp-json\/wp\/v2\/media\/606"}],"wp:attachment":[{"href":"https:\/\/agora.xtec.cat\/inscomasisola\/wp-json\/wp\/v2\/media?parent=625"}],"wp:term":[{"taxonomy":"category","embeddable":true,"href":"https:\/\/agora.xtec.cat\/inscomasisola\/wp-json\/wp\/v2\/categories?post=625"},{"taxonomy":"post_tag","embeddable":true,"href":"https:\/\/agora.xtec.cat\/inscomasisola\/wp-json\/wp\/v2\/tags?post=625"}],"curies":[{"name":"wp","href":"https:\/\/api.w.org\/{rel}","templated":true}]}}