{"id":554,"date":"2016-05-10T08:57:01","date_gmt":"2016-05-10T07:57:01","guid":{"rendered":"http:\/\/agora.xtec.cat\/inscomasisola\/?p=554"},"modified":"2016-05-11T10:47:22","modified_gmt":"2016-05-11T09:47:22","slug":"audiencia-publica","status":"publish","type":"post","link":"https:\/\/agora.xtec.cat\/inscomasisola\/general\/audiencia-publica\/","title":{"rendered":"Audi\u00e8ncia p\u00fablica"},"content":{"rendered":"<p>Els alumnes de 1er d\u2019ESO hem estat treballant al llarg de tot el curs al voltant de la Seguretat Ciutadana amb l\u2019objectiu de poder participar a l\u2019Audi\u00e8ncia P\u00fablica als nois i noies de Barcelona que ha tingut lloc avui al mat\u00ed.<\/p>\n<p>El dia 1 de mar\u00e7, un cop treballat a classe el primer bloc d\u2019activitats, vam participar amb alumnes d\u2019altres institus del districte de Sant Andreu d\u2019una s\u00e8rie de tallers la tem\u00e0tica de les quals girava al\u00a0 voltant de la Seguretat Ciutadana. L\u2019activitat que m\u00e9s els va agradar va ser la gravaci\u00f3 d\u2019un rap que us animo a veure.<\/p>\n<p><a href=\"https:\/\/vimeo.com\/161933841\" target=\"_blank\">https:\/\/vimeo.com\/161933841<\/a><\/p>\n<p>Enlla\u00e7 al resum en imatges de les diferents activitats realitzades:\u00a0<a href=\"https:\/\/www.flickr.com\/photos\/bcn_santandreu\/sets\/72157666741168300\" target=\"_blank\">flickr<\/a><\/p>\n<p>El passat\u00a0dimecres 13 d\u2019abril a va tenir lloc l\u2019 Audi\u00e8ncia P\u00fablica del districte al Centre C\u00edvic Bar\u00f3 de Viver on els alumnes Hugo Bello i Raquel Tebar de 1er d\u2019ESO van participar de \u00a0la \u00a0lectura del manifest que haviem elaborat previament a classe.<\/p>\n<p>El manifest reflexiona sobre el\u00a0concepte de seguretat, els diferents\u00a0models de seguretat,\u00a0la seguretat que volem al districte\u00a0i recull\u00a0propostes de millora.<\/p>\n<p>En acabar l\u2019Audi\u00e8ncia se\u2019ns va comunicar que haviem estat triats per a participar a l\u2019Audi\u00e8ncia de ciutat que ha tingut lloc avui mateix i en la qual la Raquel ha participar de la lectura del manifest a l\u2019alcaldessa Ada Colau.<\/p>\n<p><a href=\"http:\/\/agora.xtec.cat\/inscomasisola\/wp-content\/uploads\/usu1298\/2016\/05\/IMG_2224.jpg\"><img loading=\"lazy\" decoding=\"async\" class=\"alignnone wp-image-555 size-medium\" src=\"http:\/\/agora.xtec.cat\/inscomasisola\/wp-content\/uploads\/usu1298\/2016\/05\/IMG_2224-300x225.jpg\" alt=\"IMG_2224\" width=\"300\" height=\"225\" srcset=\"https:\/\/agora.xtec.cat\/inscomasisola\/wp-content\/uploads\/usu1298\/2016\/05\/IMG_2224-300x225.jpg 300w, https:\/\/agora.xtec.cat\/inscomasisola\/wp-content\/uploads\/usu1298\/2016\/05\/IMG_2224-1024x768.jpg 1024w, https:\/\/agora.xtec.cat\/inscomasisola\/wp-content\/uploads\/usu1298\/2016\/05\/IMG_2224-200x150.jpg 200w\" sizes=\"auto, (max-width: 300px) 100vw, 300px\" \/><\/a><\/p>\n<p>&nbsp;<\/p>\n<p>&nbsp;<\/p>\n","protected":false},"excerpt":{"rendered":"<p>Els alumnes de 1er d\u2019ESO hem estat treballant al llarg de tot el curs al voltant de la Seguretat Ciutadana amb l\u2019objectiu de poder participar a l\u2019Audi\u00e8ncia P\u00fablica als nois i noies de Barcelona que ha tingut lloc avui al mat\u00ed.<br \/>\nEl dia 1 de mar\u00e7,&hellip;  <a href=\"https:\/\/agora.xtec.cat\/inscomasisola\/general\/audiencia-publica\/\" title=\"Read Audi\u00e8ncia p\u00fablica\">Llegeix m\u00e9s\u00bb<\/a><\/p>\n","protected":false},"author":1,"featured_media":555,"comment_status":"open","ping_status":"open","sticky":false,"template":"","format":"standard","meta":{"_bbp_topic_count":0,"_bbp_reply_count":0,"_bbp_total_topic_count":0,"_bbp_total_reply_count":0,"_bbp_voice_count":0,"_bbp_anonymous_reply_count":0,"_bbp_topic_count_hidden":0,"_bbp_reply_count_hidden":0,"_bbp_forum_subforum_count":0,"footnotes":""},"categories":[3,1,29],"tags":[],"class_list":["post-554","post","type-post","status-publish","format-standard","has-post-thumbnail","hentry","category-eso","category-general","category-portada"],"post_mailing_queue_ids":[],"_links":{"self":[{"href":"https:\/\/agora.xtec.cat\/inscomasisola\/wp-json\/wp\/v2\/posts\/554","targetHints":{"allow":["GET"]}}],"collection":[{"href":"https:\/\/agora.xtec.cat\/inscomasisola\/wp-json\/wp\/v2\/posts"}],"about":[{"href":"https:\/\/agora.xtec.cat\/inscomasisola\/wp-json\/wp\/v2\/types\/post"}],"author":[{"embeddable":true,"href":"https:\/\/agora.xtec.cat\/inscomasisola\/wp-json\/wp\/v2\/users\/1"}],"replies":[{"embeddable":true,"href":"https:\/\/agora.xtec.cat\/inscomasisola\/wp-json\/wp\/v2\/comments?post=554"}],"version-history":[{"count":4,"href":"https:\/\/agora.xtec.cat\/inscomasisola\/wp-json\/wp\/v2\/posts\/554\/revisions"}],"predecessor-version":[{"id":562,"href":"https:\/\/agora.xtec.cat\/inscomasisola\/wp-json\/wp\/v2\/posts\/554\/revisions\/562"}],"wp:featuredmedia":[{"embeddable":true,"href":"https:\/\/agora.xtec.cat\/inscomasisola\/wp-json\/wp\/v2\/media\/555"}],"wp:attachment":[{"href":"https:\/\/agora.xtec.cat\/inscomasisola\/wp-json\/wp\/v2\/media?parent=554"}],"wp:term":[{"taxonomy":"category","embeddable":true,"href":"https:\/\/agora.xtec.cat\/inscomasisola\/wp-json\/wp\/v2\/categories?post=554"},{"taxonomy":"post_tag","embeddable":true,"href":"https:\/\/agora.xtec.cat\/inscomasisola\/wp-json\/wp\/v2\/tags?post=554"}],"curies":[{"name":"wp","href":"https:\/\/api.w.org\/{rel}","templated":true}]}}