{"id":518,"date":"2016-05-09T10:11:30","date_gmt":"2016-05-09T09:11:30","guid":{"rendered":"http:\/\/agora.xtec.cat\/inscomasisola\/?p=518"},"modified":"2016-05-09T10:12:45","modified_gmt":"2016-05-09T09:12:45","slug":"3r-eso-a-la-colonia-guell","status":"publish","type":"post","link":"https:\/\/agora.xtec.cat\/inscomasisola\/general\/3r-eso-a-la-colonia-guell\/","title":{"rendered":"3r ESO a la col\u00f2nia G\u00fcell"},"content":{"rendered":"<p style=\"text-align: justify;\">Els alumnes de 3r. d&#8217; ESO van visitar el dia 29 d&#8217;abril la Col\u00f2nia G\u00fcell, a Sta. Coloma de Cervell\u00f3, on l&#8217;empresari Eusebi G\u00fcell hi va traslladar, a finals del segle XIX, la ind\u00fastria t\u00e8xtil que tenia al barri de Sants de Barcelona. Van fer un recorregut pel seus carrers i edificis m\u00e9s emblem\u00e0tics: l&#8217;escola, la biblioteca, l&#8217;ateneu, el teatre i, finalment, l&#8217;esgl\u00e9sia, obra de l&#8217;arquitecte Antoni Gaud\u00ed, una de les obres mestres del Modernisme catal\u00e0, declarada Patrimoni Mundial l&#8217;any 2005.<\/p>\n<p><a href=\"https:\/\/goo.gl\/photos\/KqzrBqAPi3AB4q4v9\">Fotos sortida C\u00f2lonia G\u00fcell<\/a><\/p>\n","protected":false},"excerpt":{"rendered":"<p>Els alumnes de 3r. d&#8217; ESO van visitar el dia 29 d&#8217;abril la Col\u00f2nia G\u00fcell, a Sta. Coloma de Cervell\u00f3, on l&#8217;empresari Eusebi G\u00fcell hi va traslladar, a finals del segle XIX, la ind\u00fastria t\u00e8xtil que tenia al barri de Sants de Barcelona. Van fer&hellip;  <a href=\"https:\/\/agora.xtec.cat\/inscomasisola\/general\/3r-eso-a-la-colonia-guell\/\" title=\"Read 3r ESO a la col\u00f2nia G\u00fcell\">Llegeix m\u00e9s\u00bb<\/a><\/p>\n","protected":false},"author":1,"featured_media":544,"comment_status":"open","ping_status":"open","sticky":false,"template":"","format":"standard","meta":{"_bbp_topic_count":0,"_bbp_reply_count":0,"_bbp_total_topic_count":0,"_bbp_total_reply_count":0,"_bbp_voice_count":0,"_bbp_anonymous_reply_count":0,"_bbp_topic_count_hidden":0,"_bbp_reply_count_hidden":0,"_bbp_forum_subforum_count":0,"footnotes":""},"categories":[6,1,29],"tags":[67,39],"class_list":["post-518","post","type-post","status-publish","format-standard","has-post-thumbnail","hentry","category-eso-3","category-general","category-portada","tag-3r-eso","tag-sortides"],"post_mailing_queue_ids":[],"_links":{"self":[{"href":"https:\/\/agora.xtec.cat\/inscomasisola\/wp-json\/wp\/v2\/posts\/518","targetHints":{"allow":["GET"]}}],"collection":[{"href":"https:\/\/agora.xtec.cat\/inscomasisola\/wp-json\/wp\/v2\/posts"}],"about":[{"href":"https:\/\/agora.xtec.cat\/inscomasisola\/wp-json\/wp\/v2\/types\/post"}],"author":[{"embeddable":true,"href":"https:\/\/agora.xtec.cat\/inscomasisola\/wp-json\/wp\/v2\/users\/1"}],"replies":[{"embeddable":true,"href":"https:\/\/agora.xtec.cat\/inscomasisola\/wp-json\/wp\/v2\/comments?post=518"}],"version-history":[{"count":3,"href":"https:\/\/agora.xtec.cat\/inscomasisola\/wp-json\/wp\/v2\/posts\/518\/revisions"}],"predecessor-version":[{"id":545,"href":"https:\/\/agora.xtec.cat\/inscomasisola\/wp-json\/wp\/v2\/posts\/518\/revisions\/545"}],"wp:featuredmedia":[{"embeddable":true,"href":"https:\/\/agora.xtec.cat\/inscomasisola\/wp-json\/wp\/v2\/media\/544"}],"wp:attachment":[{"href":"https:\/\/agora.xtec.cat\/inscomasisola\/wp-json\/wp\/v2\/media?parent=518"}],"wp:term":[{"taxonomy":"category","embeddable":true,"href":"https:\/\/agora.xtec.cat\/inscomasisola\/wp-json\/wp\/v2\/categories?post=518"},{"taxonomy":"post_tag","embeddable":true,"href":"https:\/\/agora.xtec.cat\/inscomasisola\/wp-json\/wp\/v2\/tags?post=518"}],"curies":[{"name":"wp","href":"https:\/\/api.w.org\/{rel}","templated":true}]}}