{"id":511,"date":"2016-05-03T09:29:09","date_gmt":"2016-05-03T08:29:09","guid":{"rendered":"http:\/\/agora.xtec.cat\/inscomasisola\/?p=511"},"modified":"2016-05-03T09:29:09","modified_gmt":"2016-05-03T08:29:09","slug":"visita-a-espai-porta-3r-eso","status":"publish","type":"post","link":"https:\/\/agora.xtec.cat\/inscomasisola\/eso\/eso-3\/visita-a-espai-porta-3r-eso\/","title":{"rendered":"Visita a espai porta 3r ESO"},"content":{"rendered":"<p>Dimecres 27 d&#8217; abril els alumnes de 3r ESO van anar a l&#8217; espai Porta 22 (Barcelona Activa) i van participar en el\u00a0 monogr\u00e0fic: L&#8217; ESPERIT EMPRENEDOR amb la finalitat de permetre\u00a0 als joves identificar els conceptes i les compet\u00e8ncies imprescindibles per emprendre i recon\u00e8ixer les principals fonts d&#8217;inspiraci\u00f3 d&#8217;una idea d&#8217;\u00e8xit.<\/p>\n<p>L\u2019activitat va resultar molt interesant i els alumnes van quedar molt contents.<\/p>\n<p>Les monitores del curs van felicitar els alumnes per la seva disposici\u00f3, participaci\u00f3 i coneixements.<\/p>\n<p><a href=\"http:\/\/agora.xtec.cat\/inscomasisola\/wp-content\/uploads\/usu1298\/2016\/05\/100_7050.jpg\"><img loading=\"lazy\" decoding=\"async\" class=\"alignnone size-large wp-image-512\" src=\"http:\/\/agora.xtec.cat\/inscomasisola\/wp-content\/uploads\/usu1298\/2016\/05\/100_7050-1024x768.jpg\" alt=\"100_7050\" width=\"1024\" height=\"768\" srcset=\"https:\/\/agora.xtec.cat\/inscomasisola\/wp-content\/uploads\/usu1298\/2016\/05\/100_7050-1024x768.jpg 1024w, https:\/\/agora.xtec.cat\/inscomasisola\/wp-content\/uploads\/usu1298\/2016\/05\/100_7050-300x225.jpg 300w, https:\/\/agora.xtec.cat\/inscomasisola\/wp-content\/uploads\/usu1298\/2016\/05\/100_7050-200x150.jpg 200w\" sizes=\"auto, (max-width: 1024px) 100vw, 1024px\" \/><\/a> <a href=\"http:\/\/agora.xtec.cat\/inscomasisola\/wp-content\/uploads\/usu1298\/2016\/05\/100_7049_opt.jpg\"><img loading=\"lazy\" decoding=\"async\" class=\"alignnone size-large wp-image-513\" src=\"http:\/\/agora.xtec.cat\/inscomasisola\/wp-content\/uploads\/usu1298\/2016\/05\/100_7049_opt.jpg\" alt=\"100_7049_opt\" width=\"400\" height=\"300\" srcset=\"https:\/\/agora.xtec.cat\/inscomasisola\/wp-content\/uploads\/usu1298\/2016\/05\/100_7049_opt.jpg 400w, https:\/\/agora.xtec.cat\/inscomasisola\/wp-content\/uploads\/usu1298\/2016\/05\/100_7049_opt-300x225.jpg 300w, https:\/\/agora.xtec.cat\/inscomasisola\/wp-content\/uploads\/usu1298\/2016\/05\/100_7049_opt-200x150.jpg 200w\" sizes=\"auto, (max-width: 400px) 100vw, 400px\" \/><\/a><\/p>\n","protected":false},"excerpt":{"rendered":"<p>Dimecres 27 d&#8217; abril els alumnes de 3r ESO van anar a l&#8217; espai Porta 22 (Barcelona Activa) i van participar en el\u00a0 monogr\u00e0fic: L&#8217; ESPERIT EMPRENEDOR amb la finalitat de permetre\u00a0 als joves identificar els conceptes i les compet\u00e8ncies imprescindibles per emprendre i recon\u00e8ixer&hellip;  <a href=\"https:\/\/agora.xtec.cat\/inscomasisola\/eso\/eso-3\/visita-a-espai-porta-3r-eso\/\" title=\"Read Visita a espai porta 3r ESO\">Llegeix m\u00e9s\u00bb<\/a><\/p>\n","protected":false},"author":1,"featured_media":0,"comment_status":"open","ping_status":"open","sticky":false,"template":"","format":"standard","meta":{"_bbp_topic_count":0,"_bbp_reply_count":0,"_bbp_total_topic_count":0,"_bbp_total_reply_count":0,"_bbp_voice_count":0,"_bbp_anonymous_reply_count":0,"_bbp_topic_count_hidden":0,"_bbp_reply_count_hidden":0,"_bbp_forum_subforum_count":0,"footnotes":""},"categories":[6,29],"tags":[],"class_list":["post-511","post","type-post","status-publish","format-standard","hentry","category-eso-3","category-portada"],"post_mailing_queue_ids":[],"_links":{"self":[{"href":"https:\/\/agora.xtec.cat\/inscomasisola\/wp-json\/wp\/v2\/posts\/511","targetHints":{"allow":["GET"]}}],"collection":[{"href":"https:\/\/agora.xtec.cat\/inscomasisola\/wp-json\/wp\/v2\/posts"}],"about":[{"href":"https:\/\/agora.xtec.cat\/inscomasisola\/wp-json\/wp\/v2\/types\/post"}],"author":[{"embeddable":true,"href":"https:\/\/agora.xtec.cat\/inscomasisola\/wp-json\/wp\/v2\/users\/1"}],"replies":[{"embeddable":true,"href":"https:\/\/agora.xtec.cat\/inscomasisola\/wp-json\/wp\/v2\/comments?post=511"}],"version-history":[{"count":1,"href":"https:\/\/agora.xtec.cat\/inscomasisola\/wp-json\/wp\/v2\/posts\/511\/revisions"}],"predecessor-version":[{"id":514,"href":"https:\/\/agora.xtec.cat\/inscomasisola\/wp-json\/wp\/v2\/posts\/511\/revisions\/514"}],"wp:attachment":[{"href":"https:\/\/agora.xtec.cat\/inscomasisola\/wp-json\/wp\/v2\/media?parent=511"}],"wp:term":[{"taxonomy":"category","embeddable":true,"href":"https:\/\/agora.xtec.cat\/inscomasisola\/wp-json\/wp\/v2\/categories?post=511"},{"taxonomy":"post_tag","embeddable":true,"href":"https:\/\/agora.xtec.cat\/inscomasisola\/wp-json\/wp\/v2\/tags?post=511"}],"curies":[{"name":"wp","href":"https:\/\/api.w.org\/{rel}","templated":true}]}}