{"id":502,"date":"2016-05-03T09:19:12","date_gmt":"2016-05-03T08:19:12","guid":{"rendered":"http:\/\/agora.xtec.cat\/inscomasisola\/?p=502"},"modified":"2016-05-06T11:54:03","modified_gmt":"2016-05-06T10:54:03","slug":"taller-joieria","status":"publish","type":"post","link":"https:\/\/agora.xtec.cat\/inscomasisola\/general\/taller-joieria\/","title":{"rendered":"Taller joieria"},"content":{"rendered":"<p style=\"text-align: left;\">El dijous 21 d&#8217;abril per comen\u00e7ar aviat la festa de Sant Jordi vam fer l&#8217;exposici\u00f3 del taller de joieria de \u00a0l&#8217;Aula Oberta.<\/p>\n<div>\n<div>\n<div style=\"text-align: left;\">\n<p>Aquesta any hem fet collars i arracades en combinant la pedra volc\u00e0nica i el corall, amb el daurat com a fons, han sortit unes peces molt elegants i cada una amb el seu estil.<\/p>\n<\/div>\n<p style=\"text-align: left;\">Tamb\u00e9 hem treballat el llaut\u00f3, amb la t\u00e8cnica de la cera perduda, primer hem fet el disseny, l&#8217;hem passat a escaiola per fer una figura en cera, despr\u00e8s l&#8217;hem portat a fundici\u00f3 on hem fet el nostre disseny de llaut\u00f3.<\/p>\n<\/div>\n<p>Polir-lo i donar-li lluento i han quedat uns penjols molt macos.<\/p>\n<\/div>\n<p>Tot un \u00e8xit en la col.col\u00b7laboraci\u00f3 de professors i alumnes del centre.<\/p>\n\n\t\t<style type=\"text\/css\">\n\t\t\t#gallery-1 {\n\t\t\t\tmargin: auto;\n\t\t\t}\n\t\t\t#gallery-1 .gallery-item {\n\t\t\t\tfloat: left;\n\t\t\t\tmargin-top: 10px;\n\t\t\t\ttext-align: center;\n\t\t\t\twidth: 33%;\n\t\t\t}\n\t\t\t#gallery-1 img {\n\t\t\t\tborder: 2px solid #cfcfcf;\n\t\t\t}\n\t\t\t#gallery-1 .gallery-caption {\n\t\t\t\tmargin-left: 0;\n\t\t\t}\n\t\t\t\/* see gallery_shortcode() in wp-includes\/media.php *\/\n\t\t<\/style>\n\t\t<div id='gallery-1' class='gallery galleryid-502 gallery-columns-3 gallery-size-thumbnail'><dl class='gallery-item'>\n\t\t\t<dt class='gallery-icon landscape'>\n\t\t\t\t<a href='https:\/\/agora.xtec.cat\/inscomasisola\/general\/taller-joieria\/attachment\/dsc04848_opt\/'><img loading=\"lazy\" decoding=\"async\" width=\"150\" height=\"150\" src=\"https:\/\/agora.xtec.cat\/inscomasisola\/wp-content\/uploads\/usu1298\/2016\/05\/DSC04848_opt-150x150.jpg\" class=\"attachment-thumbnail size-thumbnail\" alt=\"\" \/><\/a>\n\t\t\t<\/dt><\/dl><dl class='gallery-item'>\n\t\t\t<dt class='gallery-icon landscape'>\n\t\t\t\t<a href='https:\/\/agora.xtec.cat\/inscomasisola\/general\/taller-joieria\/attachment\/bloc2\/'><img loading=\"lazy\" decoding=\"async\" width=\"150\" height=\"150\" src=\"https:\/\/agora.xtec.cat\/inscomasisola\/wp-content\/uploads\/usu1298\/2016\/04\/bloc2-150x150.png\" class=\"attachment-thumbnail size-thumbnail\" alt=\"\" \/><\/a>\n\t\t\t<\/dt><\/dl><dl class='gallery-item'>\n\t\t\t<dt class='gallery-icon landscape'>\n\t\t\t\t<a href='https:\/\/agora.xtec.cat\/inscomasisola\/general\/taller-joieria\/attachment\/bloc1\/'><img loading=\"lazy\" decoding=\"async\" width=\"150\" height=\"150\" src=\"https:\/\/agora.xtec.cat\/inscomasisola\/wp-content\/uploads\/usu1298\/2016\/04\/bloc1-150x150.png\" class=\"attachment-thumbnail size-thumbnail\" alt=\"\" \/><\/a>\n\t\t\t<\/dt><\/dl><br style=\"clear: both\" \/>\n\t\t<\/div>\n\n","protected":false},"excerpt":{"rendered":"<p>El dijous 21 d&#8217;abril per comen\u00e7ar aviat la festa de Sant Jordi vam fer l&#8217;exposici\u00f3 del taller de joieria de \u00a0l&#8217;Aula Oberta.<\/p>\n<p>Aquesta any hem fet collars i arracades en combinant la pedra volc\u00e0nica i el corall, amb el daurat com a fons, han sortit unes&hellip;  <a href=\"https:\/\/agora.xtec.cat\/inscomasisola\/general\/taller-joieria\/\" title=\"Read Taller joieria\">Llegeix m\u00e9s\u00bb<\/a><\/p>\n","protected":false},"author":1,"featured_media":0,"comment_status":"open","ping_status":"open","sticky":false,"template":"","format":"standard","meta":{"_bbp_topic_count":0,"_bbp_reply_count":0,"_bbp_total_topic_count":0,"_bbp_total_reply_count":0,"_bbp_voice_count":0,"_bbp_anonymous_reply_count":0,"_bbp_topic_count_hidden":0,"_bbp_reply_count_hidden":0,"_bbp_forum_subforum_count":0,"footnotes":""},"categories":[56,1,29],"tags":[66],"class_list":["post-502","post","type-post","status-publish","format-standard","hentry","category-aula_oberta","category-general","category-portada","tag-aula-oberta"],"post_mailing_queue_ids":[],"_links":{"self":[{"href":"https:\/\/agora.xtec.cat\/inscomasisola\/wp-json\/wp\/v2\/posts\/502","targetHints":{"allow":["GET"]}}],"collection":[{"href":"https:\/\/agora.xtec.cat\/inscomasisola\/wp-json\/wp\/v2\/posts"}],"about":[{"href":"https:\/\/agora.xtec.cat\/inscomasisola\/wp-json\/wp\/v2\/types\/post"}],"author":[{"embeddable":true,"href":"https:\/\/agora.xtec.cat\/inscomasisola\/wp-json\/wp\/v2\/users\/1"}],"replies":[{"embeddable":true,"href":"https:\/\/agora.xtec.cat\/inscomasisola\/wp-json\/wp\/v2\/comments?post=502"}],"version-history":[{"count":3,"href":"https:\/\/agora.xtec.cat\/inscomasisola\/wp-json\/wp\/v2\/posts\/502\/revisions"}],"predecessor-version":[{"id":541,"href":"https:\/\/agora.xtec.cat\/inscomasisola\/wp-json\/wp\/v2\/posts\/502\/revisions\/541"}],"wp:attachment":[{"href":"https:\/\/agora.xtec.cat\/inscomasisola\/wp-json\/wp\/v2\/media?parent=502"}],"wp:term":[{"taxonomy":"category","embeddable":true,"href":"https:\/\/agora.xtec.cat\/inscomasisola\/wp-json\/wp\/v2\/categories?post=502"},{"taxonomy":"post_tag","embeddable":true,"href":"https:\/\/agora.xtec.cat\/inscomasisola\/wp-json\/wp\/v2\/tags?post=502"}],"curies":[{"name":"wp","href":"https:\/\/api.w.org\/{rel}","templated":true}]}}