{"id":485,"date":"2016-04-27T09:20:36","date_gmt":"2016-04-27T08:20:36","guid":{"rendered":"http:\/\/agora.xtec.cat\/inscomasisola\/?p=485"},"modified":"2016-04-27T10:28:22","modified_gmt":"2016-04-27T09:28:22","slug":"audencia-publica-del-districte","status":"publish","type":"post","link":"https:\/\/agora.xtec.cat\/inscomasisola\/eso\/audencia-publica-del-districte\/","title":{"rendered":"Audi\u00e8ncia p\u00fablica del Districte"},"content":{"rendered":"<p>El passat\u00a0dimecres 13 d\u2019abril a les 11 va tenir lloc la VI Audi\u00e8ncia P\u00fablica dels nois i noies del districte al Centre C\u00edvic Bar\u00f3 de Viver amb el tema \u201cSeguretat i ciutat. Participar \u00e9s la clau\u201d.<\/p>\n<p>Enguany hi han participat cinc centres i un total de 190 noies i nois. El tema central de l\u2019audi\u00e8ncia ha sigut\u00a0<strong>Seguretat i Ciutat<\/strong>, en torn d\u2019aquest tema el manifest que s\u2019ha presentat \u00e9s el fruit de la feina dels alumnes i professors dels cinc centres que ja s\u2019havien reunit a la<strong>Trobada d\u2019Intercentres<\/strong>\u00a0de principis de mar\u00e7. El manifest reflexiona sobre el\u00a0<strong>concepte de seguretat<\/strong>, els diferents\u00a0<strong>models de seguretat<\/strong>,\u00a0<strong>la seguretat que volem al districte<\/strong>\u00a0i recull\u00a0<strong>propostes de millora.<\/strong><\/p>\n<p>Un any m\u00e9s, entre tots i totes, s\u2019ha treballat l\u2019Audi\u00e8ncia potenciant els valors com\u00a0<strong>el respecte, la participaci\u00f3, la inclusi\u00f3, el comprom\u00eds i l\u2019apoderament dels joves i les joves en les decisions de la seva ciutat i districte<\/strong>. La trobada ha estat\u00a0un \u00e8xit i \u00e9s un motiu de satisfacci\u00f3 pel Districte.<\/p>\n<p>Us mostrem algunes imatges on podem veure els nostres alumnes de 1er d\u2019ESO Raquel Tebar i Hugo Bello llegint el manifest.<\/p>\n<p>Un cop finalitzada l\u2019Audi\u00e8ncia se\u2019ns va comunicar que haviem estat triats per a participar a l\u2019Audi\u00e8ncia de Barcelona i ser\u00e0 l\u2019alumna Raquel Tebar qui el proper 9 de maig llegir\u00e0 el manifest a l\u2019Ajuntament de Barcelona davant l\u2019alcaldesa<\/p>\n<p><a href=\"http:\/\/agora.xtec.cat\/inscomasisola\/wp-content\/uploads\/usu1298\/2016\/04\/image-5.jpeg\"><img loading=\"lazy\" decoding=\"async\" class=\"alignnone size-large wp-image-490\" src=\"http:\/\/agora.xtec.cat\/inscomasisola\/wp-content\/uploads\/usu1298\/2016\/04\/image-5-1024x649.jpeg\" alt=\"image (5)\" width=\"1024\" height=\"649\" srcset=\"https:\/\/agora.xtec.cat\/inscomasisola\/wp-content\/uploads\/usu1298\/2016\/04\/image-5-1024x649.jpeg 1024w, https:\/\/agora.xtec.cat\/inscomasisola\/wp-content\/uploads\/usu1298\/2016\/04\/image-5-300x190.jpeg 300w\" sizes=\"auto, (max-width: 1024px) 100vw, 1024px\" \/><\/a><\/p>\n<p><a href=\"http:\/\/agora.xtec.cat\/inscomasisola\/wp-content\/uploads\/usu1298\/2016\/04\/image-11.jpeg\"><img loading=\"lazy\" decoding=\"async\" class=\"alignnone size-large wp-image-491\" src=\"http:\/\/agora.xtec.cat\/inscomasisola\/wp-content\/uploads\/usu1298\/2016\/04\/image-11-1024x768.jpeg\" alt=\"image (11)\" width=\"1024\" height=\"768\" srcset=\"https:\/\/agora.xtec.cat\/inscomasisola\/wp-content\/uploads\/usu1298\/2016\/04\/image-11-1024x768.jpeg 1024w, https:\/\/agora.xtec.cat\/inscomasisola\/wp-content\/uploads\/usu1298\/2016\/04\/image-11-300x225.jpeg 300w, https:\/\/agora.xtec.cat\/inscomasisola\/wp-content\/uploads\/usu1298\/2016\/04\/image-11-200x150.jpeg 200w\" sizes=\"auto, (max-width: 1024px) 100vw, 1024px\" \/><\/a><\/p>\n","protected":false},"excerpt":{"rendered":"<p>El passat\u00a0dimecres 13 d\u2019abril a les 11 va tenir lloc la VI Audi\u00e8ncia P\u00fablica dels nois i noies del districte al Centre C\u00edvic Bar\u00f3 de Viver amb el tema \u201cSeguretat i ciutat. Participar \u00e9s la clau\u201d.<br \/>\nEnguany hi han participat cinc centres i un total de&hellip;  <a href=\"https:\/\/agora.xtec.cat\/inscomasisola\/eso\/audencia-publica-del-districte\/\" title=\"Read Audi\u00e8ncia p\u00fablica del Districte\">Llegeix m\u00e9s\u00bb<\/a><\/p>\n","protected":false},"author":1,"featured_media":0,"comment_status":"open","ping_status":"open","sticky":false,"template":"","format":"standard","meta":{"_bbp_topic_count":0,"_bbp_reply_count":0,"_bbp_total_topic_count":0,"_bbp_total_reply_count":0,"_bbp_voice_count":0,"_bbp_anonymous_reply_count":0,"_bbp_topic_count_hidden":0,"_bbp_reply_count_hidden":0,"_bbp_forum_subforum_count":0,"footnotes":""},"categories":[3,29],"tags":[],"class_list":["post-485","post","type-post","status-publish","format-standard","hentry","category-eso","category-portada"],"post_mailing_queue_ids":[],"_links":{"self":[{"href":"https:\/\/agora.xtec.cat\/inscomasisola\/wp-json\/wp\/v2\/posts\/485","targetHints":{"allow":["GET"]}}],"collection":[{"href":"https:\/\/agora.xtec.cat\/inscomasisola\/wp-json\/wp\/v2\/posts"}],"about":[{"href":"https:\/\/agora.xtec.cat\/inscomasisola\/wp-json\/wp\/v2\/types\/post"}],"author":[{"embeddable":true,"href":"https:\/\/agora.xtec.cat\/inscomasisola\/wp-json\/wp\/v2\/users\/1"}],"replies":[{"embeddable":true,"href":"https:\/\/agora.xtec.cat\/inscomasisola\/wp-json\/wp\/v2\/comments?post=485"}],"version-history":[{"count":4,"href":"https:\/\/agora.xtec.cat\/inscomasisola\/wp-json\/wp\/v2\/posts\/485\/revisions"}],"predecessor-version":[{"id":498,"href":"https:\/\/agora.xtec.cat\/inscomasisola\/wp-json\/wp\/v2\/posts\/485\/revisions\/498"}],"wp:attachment":[{"href":"https:\/\/agora.xtec.cat\/inscomasisola\/wp-json\/wp\/v2\/media?parent=485"}],"wp:term":[{"taxonomy":"category","embeddable":true,"href":"https:\/\/agora.xtec.cat\/inscomasisola\/wp-json\/wp\/v2\/categories?post=485"},{"taxonomy":"post_tag","embeddable":true,"href":"https:\/\/agora.xtec.cat\/inscomasisola\/wp-json\/wp\/v2\/tags?post=485"}],"curies":[{"name":"wp","href":"https:\/\/api.w.org\/{rel}","templated":true}]}}