{"id":449,"date":"2016-03-16T16:44:12","date_gmt":"2016-03-16T15:44:12","guid":{"rendered":"http:\/\/agora.xtec.cat\/inscomasisola\/?p=449"},"modified":"2016-03-16T16:45:13","modified_gmt":"2016-03-16T15:45:13","slug":"concurs-unesco","status":"publish","type":"post","link":"https:\/\/agora.xtec.cat\/inscomasisola\/general\/concurs-unesco\/","title":{"rendered":"CONCURS UNESCO"},"content":{"rendered":"<p>CONCURS UNESCO<\/p>\n<p>El passat dia 15 de febrer, els Amics de la UNESCO de Barcelona ens van tornar a convidar a participar en el seu certamen literari en lleng\u00fces d\u2019origen. Un concurs adre\u00e7at a alumnes amb una riquesa pluriling\u00fce, on poden expressar-se en la seva pr\u00f2pia llengua.<\/p>\n<p>Aquesta vegada, el concurs ha girat entorn a l\u2019escriptura d\u2019un relat o article on qued\u00e9s recollida la idea: Qu\u00e8 creieu que poden fer els pa\u00efsos europeus per ajudar els refugiats?<\/p>\n<p>En el nostre institut, Josep Comas i Sol\u00e0, alumnes de primer a quart d\u2019 ESO han volgut posar el seu granet de sorra i han participat i han escrit en diferents lleng\u00fces com: Urd\u00fa, Punjab, Criollo etc.<\/p>\n<p>No sabem si algun dels nostres petits grans escriptors guanyaran algun premi, per\u00f2 el que s\u00ed sabem \u00e9s que ha estat una experi\u00e8ncia molt enriquidora per a tots ells.<\/p>\n<p>Amb els seus escrits han pogut fer una reflexi\u00f3 personal sobre aquesta situaci\u00f3 mundial tan vergonyosa \u00a0 que ens afecta a tots .<\/p>\n<p>Nom\u00e9s esperem tenir sort i , si no, ja haurem guanyat participant-hi.<\/p>\n","protected":false},"excerpt":{"rendered":"<p>CONCURS UNESCO<br \/>\nEl passat dia 15 de febrer, els Amics de la UNESCO de Barcelona ens van tornar a convidar a participar en el seu certamen literari en lleng\u00fces d\u2019origen. Un concurs adre\u00e7at a alumnes amb una riquesa pluriling\u00fce, on poden expressar-se en la seva pr\u00f2pia&hellip;  <a href=\"https:\/\/agora.xtec.cat\/inscomasisola\/general\/concurs-unesco\/\" title=\"Read CONCURS UNESCO\">Llegeix m\u00e9s\u00bb<\/a><\/p>\n","protected":false},"author":1,"featured_media":0,"comment_status":"open","ping_status":"open","sticky":false,"template":"","format":"standard","meta":{"_bbp_topic_count":0,"_bbp_reply_count":0,"_bbp_total_topic_count":0,"_bbp_total_reply_count":0,"_bbp_voice_count":0,"_bbp_anonymous_reply_count":0,"_bbp_topic_count_hidden":0,"_bbp_reply_count_hidden":0,"_bbp_forum_subforum_count":0,"footnotes":""},"categories":[1,29],"tags":[65],"class_list":["post-449","post","type-post","status-publish","format-standard","hentry","category-general","category-portada","tag-eso"],"post_mailing_queue_ids":[],"_links":{"self":[{"href":"https:\/\/agora.xtec.cat\/inscomasisola\/wp-json\/wp\/v2\/posts\/449","targetHints":{"allow":["GET"]}}],"collection":[{"href":"https:\/\/agora.xtec.cat\/inscomasisola\/wp-json\/wp\/v2\/posts"}],"about":[{"href":"https:\/\/agora.xtec.cat\/inscomasisola\/wp-json\/wp\/v2\/types\/post"}],"author":[{"embeddable":true,"href":"https:\/\/agora.xtec.cat\/inscomasisola\/wp-json\/wp\/v2\/users\/1"}],"replies":[{"embeddable":true,"href":"https:\/\/agora.xtec.cat\/inscomasisola\/wp-json\/wp\/v2\/comments?post=449"}],"version-history":[{"count":1,"href":"https:\/\/agora.xtec.cat\/inscomasisola\/wp-json\/wp\/v2\/posts\/449\/revisions"}],"predecessor-version":[{"id":450,"href":"https:\/\/agora.xtec.cat\/inscomasisola\/wp-json\/wp\/v2\/posts\/449\/revisions\/450"}],"wp:attachment":[{"href":"https:\/\/agora.xtec.cat\/inscomasisola\/wp-json\/wp\/v2\/media?parent=449"}],"wp:term":[{"taxonomy":"category","embeddable":true,"href":"https:\/\/agora.xtec.cat\/inscomasisola\/wp-json\/wp\/v2\/categories?post=449"},{"taxonomy":"post_tag","embeddable":true,"href":"https:\/\/agora.xtec.cat\/inscomasisola\/wp-json\/wp\/v2\/tags?post=449"}],"curies":[{"name":"wp","href":"https:\/\/api.w.org\/{rel}","templated":true}]}}