{"id":423,"date":"2016-03-14T09:19:24","date_gmt":"2016-03-14T08:19:24","guid":{"rendered":"http:\/\/agora.xtec.cat\/inscomasisola\/?p=423"},"modified":"2016-05-30T19:02:36","modified_gmt":"2016-05-30T18:02:36","slug":"trobada-intracentres","status":"publish","type":"post","link":"https:\/\/agora.xtec.cat\/inscomasisola\/portada\/trobada-intracentres\/","title":{"rendered":"Trobada intercentres"},"content":{"rendered":"<p>El passat dimarts 1 de mar\u00e7 vam participar amb alumnes d\u2019altres dos instituts del districte de Sant Andreu d\u2019una s\u00e8rie d\u2019activitats la tem\u00e0tica de les quals girava al \u00a0voltant de la Seguretat Ciutadana.<\/p>\n<p>La trobada va tenir lloc a l\u2019Espai Jove Garcilaso on ens van preparar diferents tallers sobre civisme i el que vol dir per a nosaltres sentir-nos segurs a la ciutat de Barcelona.<\/p>\n<p>L\u2019objectiu va ser preparar l\u2019Audi\u00e8ncia P\u00fablica del Districte que tindr\u00e0 lloc el proper 13 d\u2019abril \u00a0a la qual participarem llegint les nostres demandes a l\u2019Ajuntament per tal de millorar la seguretat del nostre barri i la nostra ciutat.<\/p>\n","protected":false},"excerpt":{"rendered":"<p>El passat dimarts 1 de mar\u00e7 vam participar amb alumnes d\u2019altres dos instituts del districte de Sant Andreu d\u2019una s\u00e8rie d\u2019activitats la tem\u00e0tica de les quals girava al  voltant de la Seguretat Ciutadana.&hellip;  <a href=\"https:\/\/agora.xtec.cat\/inscomasisola\/portada\/trobada-intracentres\/\" title=\"Read Trobada intercentres\">Llegeix m\u00e9s\u00bb<\/a><\/p>\n","protected":false},"author":1,"featured_media":424,"comment_status":"open","ping_status":"open","sticky":false,"template":"","format":"standard","meta":{"_bbp_topic_count":0,"_bbp_reply_count":0,"_bbp_total_topic_count":0,"_bbp_total_reply_count":0,"_bbp_voice_count":0,"_bbp_anonymous_reply_count":0,"_bbp_topic_count_hidden":0,"_bbp_reply_count_hidden":0,"_bbp_forum_subforum_count":0,"footnotes":""},"categories":[29],"tags":[39],"class_list":["post-423","post","type-post","status-publish","format-standard","has-post-thumbnail","hentry","category-portada","tag-sortides"],"post_mailing_queue_ids":[],"_links":{"self":[{"href":"https:\/\/agora.xtec.cat\/inscomasisola\/wp-json\/wp\/v2\/posts\/423","targetHints":{"allow":["GET"]}}],"collection":[{"href":"https:\/\/agora.xtec.cat\/inscomasisola\/wp-json\/wp\/v2\/posts"}],"about":[{"href":"https:\/\/agora.xtec.cat\/inscomasisola\/wp-json\/wp\/v2\/types\/post"}],"author":[{"embeddable":true,"href":"https:\/\/agora.xtec.cat\/inscomasisola\/wp-json\/wp\/v2\/users\/1"}],"replies":[{"embeddable":true,"href":"https:\/\/agora.xtec.cat\/inscomasisola\/wp-json\/wp\/v2\/comments?post=423"}],"version-history":[{"count":3,"href":"https:\/\/agora.xtec.cat\/inscomasisola\/wp-json\/wp\/v2\/posts\/423\/revisions"}],"predecessor-version":[{"id":730,"href":"https:\/\/agora.xtec.cat\/inscomasisola\/wp-json\/wp\/v2\/posts\/423\/revisions\/730"}],"wp:featuredmedia":[{"embeddable":true,"href":"https:\/\/agora.xtec.cat\/inscomasisola\/wp-json\/wp\/v2\/media\/424"}],"wp:attachment":[{"href":"https:\/\/agora.xtec.cat\/inscomasisola\/wp-json\/wp\/v2\/media?parent=423"}],"wp:term":[{"taxonomy":"category","embeddable":true,"href":"https:\/\/agora.xtec.cat\/inscomasisola\/wp-json\/wp\/v2\/categories?post=423"},{"taxonomy":"post_tag","embeddable":true,"href":"https:\/\/agora.xtec.cat\/inscomasisola\/wp-json\/wp\/v2\/tags?post=423"}],"curies":[{"name":"wp","href":"https:\/\/api.w.org\/{rel}","templated":true}]}}