{"id":394,"date":"2016-03-01T10:28:38","date_gmt":"2016-03-01T09:28:38","guid":{"rendered":"http:\/\/agora.xtec.cat\/inscomasisola\/?p=394"},"modified":"2016-03-10T10:03:48","modified_gmt":"2016-03-10T09:03:48","slug":"sortida-al-parc-arqueologic-mines-de-gava","status":"publish","type":"post","link":"https:\/\/agora.xtec.cat\/inscomasisola\/eso\/sortida-al-parc-arqueologic-mines-de-gava\/","title":{"rendered":"Sortida al parc arque\u00f2logic Mines de Gav\u00e0"},"content":{"rendered":"<div style=\"text-align: justify;\">\n<p>Els alumnes de 1r d&#8217;ESO hem visitat el centre d&#8217;interpretaci\u00f3 del Neol\u00edtic de les mines de Gav\u00e0, les m\u00e9s antigues en galeria d&#8217;Europa, per descobrir com era la vida ara fa 6.000 anys i \u00a0la import\u00e0ncia que va tenir el mineral de la variscita, utilitzat exclusivament per fer joies. Una experi\u00e8ncia a trav\u00e9s d&#8217;explicacions, audiovisuals i un interessant recorregut per l&#8217;interior de l&#8217;explotaci\u00f3 minera.&#8221;<\/p>\n\n\t\t<style type=\"text\/css\">\n\t\t\t#gallery-1 {\n\t\t\t\tmargin: auto;\n\t\t\t}\n\t\t\t#gallery-1 .gallery-item {\n\t\t\t\tfloat: left;\n\t\t\t\tmargin-top: 10px;\n\t\t\t\ttext-align: center;\n\t\t\t\twidth: 33%;\n\t\t\t}\n\t\t\t#gallery-1 img {\n\t\t\t\tborder: 2px solid #cfcfcf;\n\t\t\t}\n\t\t\t#gallery-1 .gallery-caption {\n\t\t\t\tmargin-left: 0;\n\t\t\t}\n\t\t\t\/* see gallery_shortcode() in wp-includes\/media.php *\/\n\t\t<\/style>\n\t\t<div id='gallery-1' class='gallery galleryid-394 gallery-columns-3 gallery-size-thumbnail'><dl class='gallery-item'>\n\t\t\t<dt class='gallery-icon landscape'>\n\t\t\t\t<a href='https:\/\/agora.xtec.cat\/inscomasisola\/20160229_110451\/'><img loading=\"lazy\" decoding=\"async\" width=\"150\" height=\"150\" src=\"https:\/\/agora.xtec.cat\/inscomasisola\/wp-content\/uploads\/usu1298\/2016\/03\/20160229_110451-150x150.jpg\" class=\"attachment-thumbnail size-thumbnail\" alt=\"\" \/><\/a>\n\t\t\t<\/dt><\/dl><dl class='gallery-item'>\n\t\t\t<dt class='gallery-icon landscape'>\n\t\t\t\t<a href='https:\/\/agora.xtec.cat\/inscomasisola\/20160229_122428\/'><img loading=\"lazy\" decoding=\"async\" width=\"150\" height=\"150\" src=\"https:\/\/agora.xtec.cat\/inscomasisola\/wp-content\/uploads\/usu1298\/2016\/03\/20160229_122428-150x150.jpg\" class=\"attachment-thumbnail size-thumbnail\" alt=\"\" \/><\/a>\n\t\t\t<\/dt><\/dl>\n\t\t\t<br style='clear: both' \/>\n\t\t<\/div>\n\n<\/div>\n<div style=\"text-align: justify;\"><\/div>\n<div style=\"text-align: justify;\"><\/div>\n","protected":false},"excerpt":{"rendered":"<p>Els alumnes de 1r d&#8217;ESO hem visitat el centre d&#8217;interpretaci\u00f3 del Neol\u00edtic de les mines de Gav\u00e0, les m\u00e9s antigues en galeria d&#8217;Europa, per descobrir com era la vida ara fa 6.000 anys i \u00a0la import\u00e0ncia que va tenir el mineral de la variscita, utilitzat&hellip;  <a href=\"https:\/\/agora.xtec.cat\/inscomasisola\/eso\/sortida-al-parc-arqueologic-mines-de-gava\/\" title=\"Read Sortida al parc arque\u00f2logic Mines de Gav\u00e0\">Llegeix m\u00e9s\u00bb<\/a><\/p>\n","protected":false},"author":1,"featured_media":0,"comment_status":"open","ping_status":"open","sticky":false,"template":"","format":"standard","meta":{"_bbp_topic_count":0,"_bbp_reply_count":0,"_bbp_total_topic_count":0,"_bbp_total_reply_count":0,"_bbp_voice_count":0,"_bbp_anonymous_reply_count":0,"_bbp_topic_count_hidden":0,"_bbp_reply_count_hidden":0,"_bbp_forum_subforum_count":0,"footnotes":""},"categories":[3,4,29],"tags":[61,39],"class_list":["post-394","post","type-post","status-publish","format-standard","hentry","category-eso","category-eso-1","category-portada","tag-eso-1","tag-sortides"],"post_mailing_queue_ids":[],"_links":{"self":[{"href":"https:\/\/agora.xtec.cat\/inscomasisola\/wp-json\/wp\/v2\/posts\/394","targetHints":{"allow":["GET"]}}],"collection":[{"href":"https:\/\/agora.xtec.cat\/inscomasisola\/wp-json\/wp\/v2\/posts"}],"about":[{"href":"https:\/\/agora.xtec.cat\/inscomasisola\/wp-json\/wp\/v2\/types\/post"}],"author":[{"embeddable":true,"href":"https:\/\/agora.xtec.cat\/inscomasisola\/wp-json\/wp\/v2\/users\/1"}],"replies":[{"embeddable":true,"href":"https:\/\/agora.xtec.cat\/inscomasisola\/wp-json\/wp\/v2\/comments?post=394"}],"version-history":[{"count":2,"href":"https:\/\/agora.xtec.cat\/inscomasisola\/wp-json\/wp\/v2\/posts\/394\/revisions"}],"predecessor-version":[{"id":401,"href":"https:\/\/agora.xtec.cat\/inscomasisola\/wp-json\/wp\/v2\/posts\/394\/revisions\/401"}],"wp:attachment":[{"href":"https:\/\/agora.xtec.cat\/inscomasisola\/wp-json\/wp\/v2\/media?parent=394"}],"wp:term":[{"taxonomy":"category","embeddable":true,"href":"https:\/\/agora.xtec.cat\/inscomasisola\/wp-json\/wp\/v2\/categories?post=394"},{"taxonomy":"post_tag","embeddable":true,"href":"https:\/\/agora.xtec.cat\/inscomasisola\/wp-json\/wp\/v2\/tags?post=394"}],"curies":[{"name":"wp","href":"https:\/\/api.w.org\/{rel}","templated":true}]}}