{"id":345,"date":"2016-01-25T11:06:28","date_gmt":"2016-01-25T10:06:28","guid":{"rendered":"http:\/\/agora.xtec.cat\/inscomasisola\/?p=345"},"modified":"2016-04-11T10:26:28","modified_gmt":"2016-04-11T09:26:28","slug":"emprenta-de-ledat-mitjana-monestir-de-pedralbes","status":"publish","type":"post","link":"https:\/\/agora.xtec.cat\/inscomasisola\/general\/emprenta-de-ledat-mitjana-monestir-de-pedralbes\/","title":{"rendered":"Empremta de l&#8217;edat mitjana. Monestir de Pedralbes"},"content":{"rendered":"<ul>\n<li>Con\u00e8ixer la traject\u00f2ria hist\u00f2rica del monestir en temps medievals.<\/li>\n<li>Analitzar les caracter\u00edstiques arquitect\u00f2niques del g\u00f2tic catal\u00e0 al monestir de Pedralbes.<\/li>\n<li>Gaudir de les principals obres d\u2019art medievals conservades al monestir.<\/li>\n<li>An\u00e0lisi del paper de l\u2019Esgl\u00e9sia en la cultura i la mentalitat medievals.<\/li>\n<li>Valoraci\u00f3 del paper de les dones i dels homes com a subjectes de la hist\u00f2ria i del present.<\/li>\n<\/ul>\n<p>La majoria dels alumnes va gaudir i aprofitar la sortida i van participar activament fent moltes preguntes. Les monitores van ser molt did\u00e0ctiques!<\/p>\n\n\t\t<style type=\"text\/css\">\n\t\t\t#gallery-1 {\n\t\t\t\tmargin: auto;\n\t\t\t}\n\t\t\t#gallery-1 .gallery-item {\n\t\t\t\tfloat: left;\n\t\t\t\tmargin-top: 10px;\n\t\t\t\ttext-align: center;\n\t\t\t\twidth: 33%;\n\t\t\t}\n\t\t\t#gallery-1 img {\n\t\t\t\tborder: 2px solid #cfcfcf;\n\t\t\t}\n\t\t\t#gallery-1 .gallery-caption {\n\t\t\t\tmargin-left: 0;\n\t\t\t}\n\t\t\t\/* see gallery_shortcode() in wp-includes\/media.php *\/\n\t\t<\/style>\n\t\t<div id='gallery-1' class='gallery galleryid-345 gallery-columns-3 gallery-size-thumbnail'><dl class='gallery-item'>\n\t\t\t<dt class='gallery-icon landscape'>\n\t\t\t\t<a href='https:\/\/agora.xtec.cat\/inscomasisola\/general\/emprenta-de-ledat-mitjana-monestir-de-pedralbes\/attachment\/grup-2-b\/'><img loading=\"lazy\" decoding=\"async\" width=\"150\" height=\"150\" src=\"https:\/\/agora.xtec.cat\/inscomasisola\/wp-content\/uploads\/usu1298\/2016\/01\/GRUP-2-b-150x150.jpg\" class=\"attachment-thumbnail size-thumbnail\" alt=\"\" \/><\/a>\n\t\t\t<\/dt><\/dl><dl class='gallery-item'>\n\t\t\t<dt class='gallery-icon landscape'>\n\t\t\t\t<a href='https:\/\/agora.xtec.cat\/inscomasisola\/general\/emprenta-de-ledat-mitjana-monestir-de-pedralbes\/attachment\/grup-2n-a\/'><img loading=\"lazy\" decoding=\"async\" width=\"150\" height=\"150\" src=\"https:\/\/agora.xtec.cat\/inscomasisola\/wp-content\/uploads\/usu1298\/2016\/01\/grup-2n-A-150x150.jpg\" class=\"attachment-thumbnail size-thumbnail\" alt=\"\" \/><\/a>\n\t\t\t<\/dt><\/dl><dl class='gallery-item'>\n\t\t\t<dt class='gallery-icon landscape'>\n\t\t\t\t<a href='https:\/\/agora.xtec.cat\/inscomasisola\/general\/emprenta-de-ledat-mitjana-monestir-de-pedralbes\/attachment\/pedralbes-2\/'><img loading=\"lazy\" decoding=\"async\" width=\"150\" height=\"150\" src=\"https:\/\/agora.xtec.cat\/inscomasisola\/wp-content\/uploads\/usu1298\/2016\/01\/PEDRALBES1-150x150.jpg\" class=\"attachment-thumbnail size-thumbnail\" alt=\"\" \/><\/a>\n\t\t\t<\/dt><\/dl><br style=\"clear: both\" \/><dl class='gallery-item'>\n\t\t\t<dt class='gallery-icon portrait'>\n\t\t\t\t<a href='https:\/\/agora.xtec.cat\/inscomasisola\/general\/emprenta-de-ledat-mitjana-monestir-de-pedralbes\/attachment\/foto-final\/'><img loading=\"lazy\" decoding=\"async\" width=\"150\" height=\"150\" src=\"https:\/\/agora.xtec.cat\/inscomasisola\/wp-content\/uploads\/usu1298\/2016\/01\/foto-final-150x150.jpg\" class=\"attachment-thumbnail size-thumbnail\" alt=\"\" \/><\/a>\n\t\t\t<\/dt><\/dl>\n\t\t\t<br style='clear: both' \/>\n\t\t<\/div>\n\n","protected":false},"excerpt":{"rendered":"<ul>\n<li>Con\u00e8ixer la traject\u00f2ria hist\u00f2rica del monestir en temps medievals.<\/li>\n<li>Analitzar les caracter\u00edstiques arquitect\u00f2niques del g\u00f2tic catal\u00e0 al monestir de Pedralbes.<\/li>\n<li>Gaudir de les principals obres d\u2019art medievals conservades al monestir.<\/li>\n<li>An\u00e0lisi del paper de l\u2019Esgl\u00e9sia en la cultura i la mentalitat medievals.<\/li>\n<li>Valoraci\u00f3 del paper de les dones i&hellip;  <a href=\"https:\/\/agora.xtec.cat\/inscomasisola\/general\/emprenta-de-ledat-mitjana-monestir-de-pedralbes\/\" title=\"Read Empremta de l&#8217;edat mitjana. Monestir de Pedralbes\">Llegeix m\u00e9s\u00bb<\/a><br \/>\n","protected":false},"author":1,"featured_media":364,"comment_status":"open","ping_status":"open","sticky":false,"template":"","format":"standard","meta":{"_bbp_topic_count":0,"_bbp_reply_count":0,"_bbp_total_topic_count":0,"_bbp_total_reply_count":0,"_bbp_voice_count":0,"_bbp_anonymous_reply_count":0,"_bbp_topic_count_hidden":0,"_bbp_reply_count_hidden":0,"_bbp_forum_subforum_count":0,"footnotes":""},"categories":[5,1],"tags":[],"class_list":["post-345","post","type-post","status-publish","format-standard","has-post-thumbnail","hentry","category-eso-2","category-general"],"post_mailing_queue_ids":[],"_links":{"self":[{"href":"https:\/\/agora.xtec.cat\/inscomasisola\/wp-json\/wp\/v2\/posts\/345","targetHints":{"allow":["GET"]}}],"collection":[{"href":"https:\/\/agora.xtec.cat\/inscomasisola\/wp-json\/wp\/v2\/posts"}],"about":[{"href":"https:\/\/agora.xtec.cat\/inscomasisola\/wp-json\/wp\/v2\/types\/post"}],"author":[{"embeddable":true,"href":"https:\/\/agora.xtec.cat\/inscomasisola\/wp-json\/wp\/v2\/users\/1"}],"replies":[{"embeddable":true,"href":"https:\/\/agora.xtec.cat\/inscomasisola\/wp-json\/wp\/v2\/comments?post=345"}],"version-history":[{"count":3,"href":"https:\/\/agora.xtec.cat\/inscomasisola\/wp-json\/wp\/v2\/posts\/345\/revisions"}],"predecessor-version":[{"id":365,"href":"https:\/\/agora.xtec.cat\/inscomasisola\/wp-json\/wp\/v2\/posts\/345\/revisions\/365"}],"wp:featuredmedia":[{"embeddable":true,"href":"https:\/\/agora.xtec.cat\/inscomasisola\/wp-json\/wp\/v2\/media\/364"}],"wp:attachment":[{"href":"https:\/\/agora.xtec.cat\/inscomasisola\/wp-json\/wp\/v2\/media?parent=345"}],"wp:term":[{"taxonomy":"category","embeddable":true,"href":"https:\/\/agora.xtec.cat\/inscomasisola\/wp-json\/wp\/v2\/categories?post=345"},{"taxonomy":"post_tag","embeddable":true,"href":"https:\/\/agora.xtec.cat\/inscomasisola\/wp-json\/wp\/v2\/tags?post=345"}],"curies":[{"name":"wp","href":"https:\/\/api.w.org\/{rel}","templated":true}]}}