{"id":20004,"date":"2022-05-25T22:37:01","date_gmt":"2022-05-25T20:37:01","guid":{"rendered":"https:\/\/agora.xtec.cat\/inscomasisola\/?p=20004"},"modified":"2022-05-30T09:35:15","modified_gmt":"2022-05-30T07:35:15","slug":"cloenda-del-projecte-patrimoniam","status":"publish","type":"post","link":"https:\/\/agora.xtec.cat\/inscomasisola\/eso\/eso-3\/cloenda-del-projecte-patrimoniam\/","title":{"rendered":"Cloenda del Projecte Patrimonia&#8217;m"},"content":{"rendered":"<p>Divendres 20 de maig els alumnes de 3er d&#8217;ESO van presentar el resultat del Projecte Patrimonia&#8217;m en el qu\u00e8 han treballat al llarg del curs en col\u00b7laboraci\u00f3 amb<a href=\"https:\/\/agora.xtec.cat\/inscomasisola\/wp-content\/uploads\/usu1298\/2022\/05\/IMG_20220516_085016_932-scaled.jpg\"><img loading=\"lazy\" decoding=\"async\" class=\"size-medium wp-image-20007 alignright\" src=\"https:\/\/agora.xtec.cat\/inscomasisola\/wp-content\/uploads\/usu1298\/2022\/05\/IMG_20220516_085016_932-300x225.jpg\" alt=\"\" width=\"300\" height=\"225\" srcset=\"https:\/\/agora.xtec.cat\/inscomasisola\/wp-content\/uploads\/usu1298\/2022\/05\/IMG_20220516_085016_932-300x225.jpg 300w, https:\/\/agora.xtec.cat\/inscomasisola\/wp-content\/uploads\/usu1298\/2022\/05\/IMG_20220516_085016_932-1024x768.jpg 1024w, https:\/\/agora.xtec.cat\/inscomasisola\/wp-content\/uploads\/usu1298\/2022\/05\/IMG_20220516_085016_932-768x576.jpg 768w, https:\/\/agora.xtec.cat\/inscomasisola\/wp-content\/uploads\/usu1298\/2022\/05\/IMG_20220516_085016_932-1536x1152.jpg 1536w, https:\/\/agora.xtec.cat\/inscomasisola\/wp-content\/uploads\/usu1298\/2022\/05\/IMG_20220516_085016_932-2048x1536.jpg 2048w, https:\/\/agora.xtec.cat\/inscomasisola\/wp-content\/uploads\/usu1298\/2022\/05\/IMG_20220516_085016_932-200x150.jpg 200w\" sizes=\"auto, (max-width: 300px) 100vw, 300px\" \/><\/a> el MUHBA.<\/p>\n<p>Aquest projecte ha consistit en un treball d&#8217;investigaci\u00f3 al voltant de les Indianes i el desenvolupament de la ind\u00fastria t\u00e8xtil a Catalunya el segle XVIII aix\u00ed com la realitzaci\u00f3 d&#8217;un taller d&#8217;estampaci\u00f3 seguint el mateix proc\u00e9s d&#8217;aquella \u00e8poca.<\/p>\n<p>Ha estat un treball molt enriquidor. A continuaci\u00f3 teniu uns v\u00eddeos <em>made in<\/em> <em>Comas<\/em>.<\/p>\n<p><iframe loading=\"lazy\" title=\"presentaci\u00f3 Projecte PATRIMONIA\u00b4M\" width=\"500\" height=\"281\" src=\"https:\/\/www.youtube.com\/embed\/2Dc_W4sHZKk?feature=oembed\" frameborder=\"0\" allow=\"accelerometer; autoplay; clipboard-write; encrypted-media; gyroscope; picture-in-picture; web-share\" referrerpolicy=\"strict-origin-when-cross-origin\" allowfullscreen><\/iframe><\/p>\n<p><iframe loading=\"lazy\" src=\"\/\/www.youtube.com\/embed\/8Nxcyg7uLHg\" width=\"560\" height=\"314\" allowfullscreen=\"allowfullscreen\"><\/iframe><\/p>\n","protected":false},"excerpt":{"rendered":"<p>Divendres 20 de maig els alumnes de 3er d&#8217;ESO van presentar el resultat del Projecte Patrimonia&#8217;m en el qu\u00e8 han treballat al llarg del curs en col\u00b7laboraci\u00f3 amb<a href=\"https:\/\/agora.xtec.cat\/inscomasisola\/wp-content\/uploads\/usu1298\/2022\/05\/IMG_20220516_085016_932-scaled.jpg\"><\/a> el MUHBA.<br \/>\nAquest projecte ha consistit en un treball d&#8217;investigaci\u00f3 al voltant de les Indianes i el&hellip;  <a href=\"https:\/\/agora.xtec.cat\/inscomasisola\/eso\/eso-3\/cloenda-del-projecte-patrimoniam\/\" title=\"Read Cloenda del Projecte Patrimonia&#8217;m\">Llegeix m\u00e9s\u00bb<\/a><\/p>\n","protected":false},"author":1,"featured_media":0,"comment_status":"open","ping_status":"closed","sticky":false,"template":"","format":"standard","meta":{"_bbp_topic_count":0,"_bbp_reply_count":0,"_bbp_total_topic_count":0,"_bbp_total_reply_count":0,"_bbp_voice_count":0,"_bbp_anonymous_reply_count":0,"_bbp_topic_count_hidden":0,"_bbp_reply_count_hidden":0,"_bbp_forum_subforum_count":0,"footnotes":""},"categories":[6,29],"tags":[],"class_list":["post-20004","post","type-post","status-publish","format-standard","hentry","category-eso-3","category-portada"],"post_mailing_queue_ids":[],"_links":{"self":[{"href":"https:\/\/agora.xtec.cat\/inscomasisola\/wp-json\/wp\/v2\/posts\/20004","targetHints":{"allow":["GET"]}}],"collection":[{"href":"https:\/\/agora.xtec.cat\/inscomasisola\/wp-json\/wp\/v2\/posts"}],"about":[{"href":"https:\/\/agora.xtec.cat\/inscomasisola\/wp-json\/wp\/v2\/types\/post"}],"author":[{"embeddable":true,"href":"https:\/\/agora.xtec.cat\/inscomasisola\/wp-json\/wp\/v2\/users\/1"}],"replies":[{"embeddable":true,"href":"https:\/\/agora.xtec.cat\/inscomasisola\/wp-json\/wp\/v2\/comments?post=20004"}],"version-history":[{"count":3,"href":"https:\/\/agora.xtec.cat\/inscomasisola\/wp-json\/wp\/v2\/posts\/20004\/revisions"}],"predecessor-version":[{"id":20008,"href":"https:\/\/agora.xtec.cat\/inscomasisola\/wp-json\/wp\/v2\/posts\/20004\/revisions\/20008"}],"wp:attachment":[{"href":"https:\/\/agora.xtec.cat\/inscomasisola\/wp-json\/wp\/v2\/media?parent=20004"}],"wp:term":[{"taxonomy":"category","embeddable":true,"href":"https:\/\/agora.xtec.cat\/inscomasisola\/wp-json\/wp\/v2\/categories?post=20004"},{"taxonomy":"post_tag","embeddable":true,"href":"https:\/\/agora.xtec.cat\/inscomasisola\/wp-json\/wp\/v2\/tags?post=20004"}],"curies":[{"name":"wp","href":"https:\/\/api.w.org\/{rel}","templated":true}]}}