{"id":19921,"date":"2022-03-29T11:18:47","date_gmt":"2022-03-29T09:18:47","guid":{"rendered":"https:\/\/agora.xtec.cat\/inscomasisola\/?p=19921"},"modified":"2022-05-06T09:04:05","modified_gmt":"2022-05-06T07:04:05","slug":"especial-nosaltres-creem","status":"publish","type":"post","link":"https:\/\/agora.xtec.cat\/inscomasisola\/general\/especial-nosaltres-creem\/","title":{"rendered":"Especial Nosaltres Creem"},"content":{"rendered":"<p>El Treball de S\u00edntesi que fan els i les alumnes de 3r d&#8217;ESO versa sobre la igualtat de g\u00e8nere: preparen una hist\u00f2ria on s&#8217;hi troba algun tipus de desigualtat i despr\u00e9s graven el v\u00eddeo.<\/p>\n<p>Durant la darrera part del projecte, comparteixen els productes audiovisuals creats amb les diverses entitats del barri. Compartim amb vosaltres el programa de r\u00e0dio de l&#8217;edici\u00f3 de l&#8217;any de l&#8217;educaci\u00f3 de l&#8217;any passat! Feu click al link de sota:<\/p>\n<p style=\"text-align: center;\"><a href=\"https:\/\/www.ivoox.com\/especial-nosaltres-creem-18-02-22-audios-mp3_rf_82433574_1.html\">Especial Nosaltres Creem 18-Febrer-2022<\/a><\/p>\n","protected":false},"excerpt":{"rendered":"<p>El Treball de S\u00edntesi que fan els i les alumnes de 3r d&#8217;ESO versa sobre la igualtat de g\u00e8nere: preparen una hist\u00f2ria on s&#8217;hi troba algun tipus de desigualtat i despr\u00e9s graven el v\u00eddeo.<br \/>\nDurant la darrera part del projecte, comparteixen els productes audiovisuals creats amb&hellip;  <a href=\"https:\/\/agora.xtec.cat\/inscomasisola\/general\/especial-nosaltres-creem\/\" title=\"Read Especial Nosaltres Creem\">Llegeix m\u00e9s\u00bb<\/a><\/p>\n","protected":false},"author":1,"featured_media":0,"comment_status":"open","ping_status":"closed","sticky":false,"template":"","format":"standard","meta":{"_bbp_topic_count":0,"_bbp_reply_count":0,"_bbp_total_topic_count":0,"_bbp_total_reply_count":0,"_bbp_voice_count":0,"_bbp_anonymous_reply_count":0,"_bbp_topic_count_hidden":0,"_bbp_reply_count_hidden":0,"_bbp_forum_subforum_count":0,"footnotes":""},"categories":[1,29],"tags":[],"class_list":["post-19921","post","type-post","status-publish","format-standard","hentry","category-general","category-portada"],"post_mailing_queue_ids":[],"_links":{"self":[{"href":"https:\/\/agora.xtec.cat\/inscomasisola\/wp-json\/wp\/v2\/posts\/19921","targetHints":{"allow":["GET"]}}],"collection":[{"href":"https:\/\/agora.xtec.cat\/inscomasisola\/wp-json\/wp\/v2\/posts"}],"about":[{"href":"https:\/\/agora.xtec.cat\/inscomasisola\/wp-json\/wp\/v2\/types\/post"}],"author":[{"embeddable":true,"href":"https:\/\/agora.xtec.cat\/inscomasisola\/wp-json\/wp\/v2\/users\/1"}],"replies":[{"embeddable":true,"href":"https:\/\/agora.xtec.cat\/inscomasisola\/wp-json\/wp\/v2\/comments?post=19921"}],"version-history":[{"count":3,"href":"https:\/\/agora.xtec.cat\/inscomasisola\/wp-json\/wp\/v2\/posts\/19921\/revisions"}],"predecessor-version":[{"id":19926,"href":"https:\/\/agora.xtec.cat\/inscomasisola\/wp-json\/wp\/v2\/posts\/19921\/revisions\/19926"}],"wp:attachment":[{"href":"https:\/\/agora.xtec.cat\/inscomasisola\/wp-json\/wp\/v2\/media?parent=19921"}],"wp:term":[{"taxonomy":"category","embeddable":true,"href":"https:\/\/agora.xtec.cat\/inscomasisola\/wp-json\/wp\/v2\/categories?post=19921"},{"taxonomy":"post_tag","embeddable":true,"href":"https:\/\/agora.xtec.cat\/inscomasisola\/wp-json\/wp\/v2\/tags?post=19921"}],"curies":[{"name":"wp","href":"https:\/\/api.w.org\/{rel}","templated":true}]}}