{"id":19906,"date":"2022-03-16T09:00:04","date_gmt":"2022-03-16T08:00:04","guid":{"rendered":"https:\/\/agora.xtec.cat\/inscomasisola\/?p=19906"},"modified":"2022-03-16T09:01:47","modified_gmt":"2022-03-16T08:01:47","slug":"secisoc","status":"publish","type":"post","link":"https:\/\/agora.xtec.cat\/inscomasisola\/general\/secisoc\/","title":{"rendered":"Projecte SEC I SOC"},"content":{"rendered":"<div>Des de l&#8217;institut Comas i Sol\u00e0 estem duent a terme amb els nostres alumnes el primer projecte de PEDP (Projectes Educatius de Disseny de Producte), batejat sota el nom &#8220;Sec i Soc&#8221;. El projecte tracta de manera directa <em>compet\u00e8ncies emocionals<\/em>\u00a0de\u00a0<strong>treball en equip\u00a0<\/strong>i<strong>\u00a0cooperaci\u00f3\u00a0<\/strong>a la vegada que l&#8217;<strong>autoconeixement<\/strong>. Aquestes, un cop adquirides, es traslladaran al taller i s&#8217;utilitzen per a desenvolupar un producte, que en aquest cas ser\u00e0 un\u00a0<strong>seient<\/strong>.<\/div>\n<p><\/p>\n<div><\/div>\n<div><a href=\"https:\/\/agora.xtec.cat\/inscomasisola\/wp-content\/uploads\/usu1298\/2022\/03\/secisoc2.png\"><img loading=\"lazy\" decoding=\"async\" class=\"aligncenter size-medium wp-image-19915\" src=\"https:\/\/agora.xtec.cat\/inscomasisola\/wp-content\/uploads\/usu1298\/2022\/03\/secisoc2-300x182.png\" alt=\"\" width=\"300\" height=\"182\" srcset=\"https:\/\/agora.xtec.cat\/inscomasisola\/wp-content\/uploads\/usu1298\/2022\/03\/secisoc2-300x182.png 300w, https:\/\/agora.xtec.cat\/inscomasisola\/wp-content\/uploads\/usu1298\/2022\/03\/secisoc2-1024x622.png 1024w, https:\/\/agora.xtec.cat\/inscomasisola\/wp-content\/uploads\/usu1298\/2022\/03\/secisoc2-768x467.png 768w, https:\/\/agora.xtec.cat\/inscomasisola\/wp-content\/uploads\/usu1298\/2022\/03\/secisoc2.png 1213w\" sizes=\"auto, (max-width: 300px) 100vw, 300px\" \/><\/a><a href=\"https:\/\/agora.xtec.cat\/inscomasisola\/wp-content\/uploads\/usu1298\/2022\/03\/secisoc.png\"><img loading=\"lazy\" decoding=\"async\" class=\"aligncenter size-medium wp-image-19909\" src=\"https:\/\/agora.xtec.cat\/inscomasisola\/wp-content\/uploads\/usu1298\/2022\/03\/secisoc-300x161.png\" alt=\"\" width=\"300\" height=\"161\" srcset=\"https:\/\/agora.xtec.cat\/inscomasisola\/wp-content\/uploads\/usu1298\/2022\/03\/secisoc-300x161.png 300w, https:\/\/agora.xtec.cat\/inscomasisola\/wp-content\/uploads\/usu1298\/2022\/03\/secisoc-1024x550.png 1024w, https:\/\/agora.xtec.cat\/inscomasisola\/wp-content\/uploads\/usu1298\/2022\/03\/secisoc-768x412.png 768w, https:\/\/agora.xtec.cat\/inscomasisola\/wp-content\/uploads\/usu1298\/2022\/03\/secisoc.png 1127w\" sizes=\"auto, (max-width: 300px) 100vw, 300px\" \/><\/a><\/div>\n<div><\/div>\n<p><\/p>\n<div>Aquest projecte t\u00e9 activa una campanya de crowfunding per a finan\u00e7ar-se. Us animem a fer click a l&#8217;enlla\u00e7 i veure els v\u00eddeos explicatius del projecte que han preparat amb molta il\u00b7lusi\u00f3 la Maria i la Martina, les fundadores del projecte.<\/div>\n<p><\/p>\n<div><\/div>\n<div><\/div>\n<div>Catal\u00e0:\u00a0<a href=\"https:\/\/ca.goteo.org\/project\/sec-i-soc\">https:\/\/ca.goteo.org\/project\/sec-i-soc<\/a><\/div>\n<div>Castell\u00e0:\u00a0<a href=\"https:\/\/www.goteo.org\/project\/sec-i-soc\">https:\/\/www.goteo.org\/project\/sec-i-soc<\/a><\/div>\n<div><\/div>\n<div><\/div>\n","protected":false},"excerpt":{"rendered":"<p>Des de l&#8217;institut Comas i Sol\u00e0 estem duent a terme amb els nostres alumnes el primer projecte de PEDP (Projectes Educatius de Disseny de Producte), batejat sota el nom &#8220;Sec i Soc&#8221;. El projecte tracta de manera directa compet\u00e8ncies emocionals\u00a0de\u00a0treball en equip\u00a0i\u00a0cooperaci\u00f3\u00a0a la vegada que&hellip;  <a href=\"https:\/\/agora.xtec.cat\/inscomasisola\/general\/secisoc\/\" title=\"Read Projecte SEC I SOC\">Llegeix m\u00e9s\u00bb<\/a><\/p>\n","protected":false},"author":1,"featured_media":19915,"comment_status":"open","ping_status":"closed","sticky":false,"template":"","format":"standard","meta":{"_bbp_topic_count":0,"_bbp_reply_count":0,"_bbp_total_topic_count":0,"_bbp_total_reply_count":0,"_bbp_voice_count":0,"_bbp_anonymous_reply_count":0,"_bbp_topic_count_hidden":0,"_bbp_reply_count_hidden":0,"_bbp_forum_subforum_count":0,"footnotes":""},"categories":[1,29],"tags":[],"class_list":["post-19906","post","type-post","status-publish","format-standard","has-post-thumbnail","hentry","category-general","category-portada"],"post_mailing_queue_ids":[],"_links":{"self":[{"href":"https:\/\/agora.xtec.cat\/inscomasisola\/wp-json\/wp\/v2\/posts\/19906","targetHints":{"allow":["GET"]}}],"collection":[{"href":"https:\/\/agora.xtec.cat\/inscomasisola\/wp-json\/wp\/v2\/posts"}],"about":[{"href":"https:\/\/agora.xtec.cat\/inscomasisola\/wp-json\/wp\/v2\/types\/post"}],"author":[{"embeddable":true,"href":"https:\/\/agora.xtec.cat\/inscomasisola\/wp-json\/wp\/v2\/users\/1"}],"replies":[{"embeddable":true,"href":"https:\/\/agora.xtec.cat\/inscomasisola\/wp-json\/wp\/v2\/comments?post=19906"}],"version-history":[{"count":3,"href":"https:\/\/agora.xtec.cat\/inscomasisola\/wp-json\/wp\/v2\/posts\/19906\/revisions"}],"predecessor-version":[{"id":19918,"href":"https:\/\/agora.xtec.cat\/inscomasisola\/wp-json\/wp\/v2\/posts\/19906\/revisions\/19918"}],"wp:featuredmedia":[{"embeddable":true,"href":"https:\/\/agora.xtec.cat\/inscomasisola\/wp-json\/wp\/v2\/media\/19915"}],"wp:attachment":[{"href":"https:\/\/agora.xtec.cat\/inscomasisola\/wp-json\/wp\/v2\/media?parent=19906"}],"wp:term":[{"taxonomy":"category","embeddable":true,"href":"https:\/\/agora.xtec.cat\/inscomasisola\/wp-json\/wp\/v2\/categories?post=19906"},{"taxonomy":"post_tag","embeddable":true,"href":"https:\/\/agora.xtec.cat\/inscomasisola\/wp-json\/wp\/v2\/tags?post=19906"}],"curies":[{"name":"wp","href":"https:\/\/api.w.org\/{rel}","templated":true}]}}