{"id":19614,"date":"2021-09-24T09:32:05","date_gmt":"2021-09-24T07:32:05","guid":{"rendered":"https:\/\/agora.xtec.cat\/inscomasisola\/?p=19614"},"modified":"2021-09-24T09:32:05","modified_gmt":"2021-09-24T07:32:05","slug":"el-comas-guanya-el-repte-barcelona-dades-obertes","status":"publish","type":"post","link":"https:\/\/agora.xtec.cat\/inscomasisola\/portada\/el-comas-guanya-el-repte-barcelona-dades-obertes\/","title":{"rendered":"El COMAS guanya el repte Barcelona Dades Obertes"},"content":{"rendered":"<p>A continuaci\u00f3 teniu un video resum de la sessi\u00f3 &#8220;Escoltem la natura mitjan\u00e7ant imatges a\u00e8ries de drones&#8221;, premi del repte Barcelona Dades Obertes.<\/p>\n<p>Gr\u00e0cies als alumnes pel seu treball i a la professora Eva Gorrochategui.<\/p>\n<p><a href=\"https:\/\/vimeo.com\/605534899\/2036c3af3f\">https:\/\/vimeo.com\/605534899\/2036c3af3f<\/a><\/p>\n","protected":false},"excerpt":{"rendered":"<p>A continuaci\u00f3 teniu un video resum de la sessi\u00f3 &#8220;Escoltem la natura mitjan\u00e7ant imatges a\u00e8ries de drones&#8221;, premi del repte Barcelona Dades Obertes.<br \/>\nGr\u00e0cies als alumnes pel seu treball i a la professora Eva Gorrochategui.<br \/>\n<a href=\"https:\/\/vimeo.com\/605534899\/2036c3af3f\">https:\/\/vimeo.com\/605534899\/2036c3af3f<\/a><\/p>\n","protected":false},"author":1,"featured_media":0,"comment_status":"open","ping_status":"closed","sticky":false,"template":"","format":"standard","meta":{"_bbp_topic_count":0,"_bbp_reply_count":0,"_bbp_total_topic_count":0,"_bbp_total_reply_count":0,"_bbp_voice_count":0,"_bbp_anonymous_reply_count":0,"_bbp_topic_count_hidden":0,"_bbp_reply_count_hidden":0,"_bbp_forum_subforum_count":0,"footnotes":""},"categories":[29],"tags":[60],"class_list":["post-19614","post","type-post","status-publish","format-standard","hentry","category-portada","tag-4t-eso"],"post_mailing_queue_ids":[],"_links":{"self":[{"href":"https:\/\/agora.xtec.cat\/inscomasisola\/wp-json\/wp\/v2\/posts\/19614","targetHints":{"allow":["GET"]}}],"collection":[{"href":"https:\/\/agora.xtec.cat\/inscomasisola\/wp-json\/wp\/v2\/posts"}],"about":[{"href":"https:\/\/agora.xtec.cat\/inscomasisola\/wp-json\/wp\/v2\/types\/post"}],"author":[{"embeddable":true,"href":"https:\/\/agora.xtec.cat\/inscomasisola\/wp-json\/wp\/v2\/users\/1"}],"replies":[{"embeddable":true,"href":"https:\/\/agora.xtec.cat\/inscomasisola\/wp-json\/wp\/v2\/comments?post=19614"}],"version-history":[{"count":2,"href":"https:\/\/agora.xtec.cat\/inscomasisola\/wp-json\/wp\/v2\/posts\/19614\/revisions"}],"predecessor-version":[{"id":19616,"href":"https:\/\/agora.xtec.cat\/inscomasisola\/wp-json\/wp\/v2\/posts\/19614\/revisions\/19616"}],"wp:attachment":[{"href":"https:\/\/agora.xtec.cat\/inscomasisola\/wp-json\/wp\/v2\/media?parent=19614"}],"wp:term":[{"taxonomy":"category","embeddable":true,"href":"https:\/\/agora.xtec.cat\/inscomasisola\/wp-json\/wp\/v2\/categories?post=19614"},{"taxonomy":"post_tag","embeddable":true,"href":"https:\/\/agora.xtec.cat\/inscomasisola\/wp-json\/wp\/v2\/tags?post=19614"}],"curies":[{"name":"wp","href":"https:\/\/api.w.org\/{rel}","templated":true}]}}