{"id":19496,"date":"2021-06-17T13:04:51","date_gmt":"2021-06-17T11:04:51","guid":{"rendered":"http:\/\/agora.xtec.cat\/inscomasisola\/?p=19496"},"modified":"2021-06-17T13:04:51","modified_gmt":"2021-06-17T11:04:51","slug":"patrimoniam","status":"publish","type":"post","link":"https:\/\/agora.xtec.cat\/inscomasisola\/general\/patrimoniam\/","title":{"rendered":"Patrimonia&#8217;m"},"content":{"rendered":"<p>Enguany el nostre institut ha participat en el programa <strong>Patrimonia&#8217;m,<\/strong> un projecte que t\u00e9 com a objectiu apropar el patrimoni de la ciutat de Barcelona a l&#8217;alumnat de l&#8217;ESO. Enguany el nostre alumnat de 2n d&#8217;ESO ha conegut el <strong>Monestir de Pedralbes<\/strong>, una activitat que s&#8217;ha emmarcat dins l&#8217;\u00e0mbit de les ci\u00e8ncies socials. Els nostres alumnes han apr\u00e8s molt i s&#8217;ho han passat d&#8217;all\u00f2 m\u00e9s b\u00e9!<\/p>\n<div style=\"width: 1920px;\" class=\"wp-video\"><!--[if lt IE 9]><script>document.createElement('video');<\/script><![endif]-->\n<video class=\"wp-video-shortcode\" id=\"video-19496-1\" width=\"1920\" height=\"1080\" preload=\"metadata\" controls=\"controls\"><source type=\"video\/mp4\" src=\"https:\/\/agora.xtec.cat\/inscomasisola\/wp-content\/uploads\/usu1298\/2021\/06\/05-comas-i-sola-v2-1-1-1-1-1-1-1-1-1-1.mp4?_=1\" \/><a href=\"https:\/\/agora.xtec.cat\/inscomasisola\/wp-content\/uploads\/usu1298\/2021\/06\/05-comas-i-sola-v2-1-1-1-1-1-1-1-1-1-1.mp4\">https:\/\/agora.xtec.cat\/inscomasisola\/wp-content\/uploads\/usu1298\/2021\/06\/05-comas-i-sola-v2-1-1-1-1-1-1-1-1-1-1.mp4<\/a><\/video><\/div>\n<p>&nbsp;<\/p>\n","protected":false},"excerpt":{"rendered":"<p>Enguany el nostre institut ha participat en el programa Patrimonia&#8217;m, un projecte que t\u00e9 com a objectiu apropar el patrimoni de la ciutat de Barcelona a l&#8217;alumnat de l&#8217;ESO. Enguany el nostre alumnat de 2n d&#8217;ESO ha conegut el Monestir de Pedralbes, una activitat que&hellip;  <a href=\"https:\/\/agora.xtec.cat\/inscomasisola\/general\/patrimoniam\/\" title=\"Read Patrimonia&#8217;m\">Llegeix m\u00e9s\u00bb<\/a><\/p>\n","protected":false},"author":1,"featured_media":0,"comment_status":"open","ping_status":"closed","sticky":false,"template":"","format":"standard","meta":{"_bbp_topic_count":0,"_bbp_reply_count":0,"_bbp_total_topic_count":0,"_bbp_total_reply_count":0,"_bbp_voice_count":0,"_bbp_anonymous_reply_count":0,"_bbp_topic_count_hidden":0,"_bbp_reply_count_hidden":0,"_bbp_forum_subforum_count":0,"footnotes":""},"categories":[1,29],"tags":[],"class_list":["post-19496","post","type-post","status-publish","format-standard","hentry","category-general","category-portada"],"post_mailing_queue_ids":[],"_links":{"self":[{"href":"https:\/\/agora.xtec.cat\/inscomasisola\/wp-json\/wp\/v2\/posts\/19496","targetHints":{"allow":["GET"]}}],"collection":[{"href":"https:\/\/agora.xtec.cat\/inscomasisola\/wp-json\/wp\/v2\/posts"}],"about":[{"href":"https:\/\/agora.xtec.cat\/inscomasisola\/wp-json\/wp\/v2\/types\/post"}],"author":[{"embeddable":true,"href":"https:\/\/agora.xtec.cat\/inscomasisola\/wp-json\/wp\/v2\/users\/1"}],"replies":[{"embeddable":true,"href":"https:\/\/agora.xtec.cat\/inscomasisola\/wp-json\/wp\/v2\/comments?post=19496"}],"version-history":[{"count":2,"href":"https:\/\/agora.xtec.cat\/inscomasisola\/wp-json\/wp\/v2\/posts\/19496\/revisions"}],"predecessor-version":[{"id":19500,"href":"https:\/\/agora.xtec.cat\/inscomasisola\/wp-json\/wp\/v2\/posts\/19496\/revisions\/19500"}],"wp:attachment":[{"href":"https:\/\/agora.xtec.cat\/inscomasisola\/wp-json\/wp\/v2\/media?parent=19496"}],"wp:term":[{"taxonomy":"category","embeddable":true,"href":"https:\/\/agora.xtec.cat\/inscomasisola\/wp-json\/wp\/v2\/categories?post=19496"},{"taxonomy":"post_tag","embeddable":true,"href":"https:\/\/agora.xtec.cat\/inscomasisola\/wp-json\/wp\/v2\/tags?post=19496"}],"curies":[{"name":"wp","href":"https:\/\/api.w.org\/{rel}","templated":true}]}}