{"id":19488,"date":"2021-06-16T18:05:06","date_gmt":"2021-06-16T16:05:06","guid":{"rendered":"http:\/\/agora.xtec.cat\/inscomasisola\/?p=19488"},"modified":"2021-06-16T18:15:16","modified_gmt":"2021-06-16T16:15:16","slug":"la-professora-eva-gorrochategui-rep-un-premi-per-la-seva-recerca-cientifica","status":"publish","type":"post","link":"https:\/\/agora.xtec.cat\/inscomasisola\/general\/la-professora-eva-gorrochategui-rep-un-premi-per-la-seva-recerca-cientifica\/","title":{"rendered":"La professora Eva Gorrochategui rep un premi de l&#8217;IEC per la seva recerca cient\u00edfica"},"content":{"rendered":"<p>El 23 d&#8217;abril es va celebrar l&#8217;acte d&#8217;entrega de premis de l&#8217;<strong>Institut d&#8217;Estudis Catalans<\/strong> (IEC). En aquest acte es va atorgar un premi a la professora de f\u00edsica i qu\u00edmica del nostre institut, l&#8217;Eva Gorrochategui, per la seva recerca realitzada durant la seva tesi doctoral al Consell Superior d&#8217;Investigacions Cient\u00edfiques (CSIC).<\/p>\n<p>Aquest premi el va otorgar l&#8217;IEC en conjunt amb la <strong>Societat Catalana de Qu\u00edmica<\/strong>, qui en conjunt van considerar que la seva investigaci\u00f3 dins del camp de la qu\u00edmica bioanal\u00edtica havia estat molt valuosa. Felicitats Eva, tot el nostre centre ha estat molt orgull\u00f3s de saber que t&#8217;han atorgat aquest premi!<\/p>\n<p>&nbsp;<\/p>\n<p><a href=\"https:\/\/agora.xtec.cat\/inscomasisola\/wp-content\/uploads\/usu1298\/2021\/06\/IMG-20210423-WA00301-e1623859624822.jpg\"><img loading=\"lazy\" decoding=\"async\" class=\"aligncenter wp-image-19492 size-large\" src=\"https:\/\/agora.xtec.cat\/inscomasisola\/wp-content\/uploads\/usu1298\/2021\/06\/IMG-20210423-WA00301-1024x768.jpg\" alt=\"\" width=\"1024\" height=\"768\" \/><\/a><\/p>\n<p>&nbsp;<\/p>\n","protected":false},"excerpt":{"rendered":"<p>El 23 d&#8217;abril es va celebrar l&#8217;acte d&#8217;entrega de premis de l&#8217;Institut d&#8217;Estudis Catalans (IEC). En aquest acte es va atorgar un premi a la professora de f\u00edsica i qu\u00edmica del nostre institut, l&#8217;Eva Gorrochategui, per la seva recerca realitzada durant la seva tesi doctoral&hellip;  <a href=\"https:\/\/agora.xtec.cat\/inscomasisola\/general\/la-professora-eva-gorrochategui-rep-un-premi-per-la-seva-recerca-cientifica\/\" title=\"Read La professora Eva Gorrochategui rep un premi de l&#8217;IEC per la seva recerca cient\u00edfica\">Llegeix m\u00e9s\u00bb<\/a><\/p>\n","protected":false},"author":1,"featured_media":0,"comment_status":"open","ping_status":"closed","sticky":false,"template":"","format":"standard","meta":{"_bbp_topic_count":0,"_bbp_reply_count":0,"_bbp_total_topic_count":0,"_bbp_total_reply_count":0,"_bbp_voice_count":0,"_bbp_anonymous_reply_count":0,"_bbp_topic_count_hidden":0,"_bbp_reply_count_hidden":0,"_bbp_forum_subforum_count":0,"footnotes":""},"categories":[1,29],"tags":[],"class_list":["post-19488","post","type-post","status-publish","format-standard","hentry","category-general","category-portada"],"post_mailing_queue_ids":[],"_links":{"self":[{"href":"https:\/\/agora.xtec.cat\/inscomasisola\/wp-json\/wp\/v2\/posts\/19488","targetHints":{"allow":["GET"]}}],"collection":[{"href":"https:\/\/agora.xtec.cat\/inscomasisola\/wp-json\/wp\/v2\/posts"}],"about":[{"href":"https:\/\/agora.xtec.cat\/inscomasisola\/wp-json\/wp\/v2\/types\/post"}],"author":[{"embeddable":true,"href":"https:\/\/agora.xtec.cat\/inscomasisola\/wp-json\/wp\/v2\/users\/1"}],"replies":[{"embeddable":true,"href":"https:\/\/agora.xtec.cat\/inscomasisola\/wp-json\/wp\/v2\/comments?post=19488"}],"version-history":[{"count":3,"href":"https:\/\/agora.xtec.cat\/inscomasisola\/wp-json\/wp\/v2\/posts\/19488\/revisions"}],"predecessor-version":[{"id":19495,"href":"https:\/\/agora.xtec.cat\/inscomasisola\/wp-json\/wp\/v2\/posts\/19488\/revisions\/19495"}],"wp:attachment":[{"href":"https:\/\/agora.xtec.cat\/inscomasisola\/wp-json\/wp\/v2\/media?parent=19488"}],"wp:term":[{"taxonomy":"category","embeddable":true,"href":"https:\/\/agora.xtec.cat\/inscomasisola\/wp-json\/wp\/v2\/categories?post=19488"},{"taxonomy":"post_tag","embeddable":true,"href":"https:\/\/agora.xtec.cat\/inscomasisola\/wp-json\/wp\/v2\/tags?post=19488"}],"curies":[{"name":"wp","href":"https:\/\/api.w.org\/{rel}","templated":true}]}}