{"id":19471,"date":"2021-06-15T08:59:52","date_gmt":"2021-06-15T06:59:52","guid":{"rendered":"http:\/\/agora.xtec.cat\/inscomasisola\/?p=19471"},"modified":"2021-06-15T09:06:26","modified_gmt":"2021-06-15T07:06:26","slug":"curtmetratges-sobre-la-violencia-de-genere","status":"publish","type":"post","link":"https:\/\/agora.xtec.cat\/inscomasisola\/portada\/curtmetratges-sobre-la-violencia-de-genere\/","title":{"rendered":"Curtmetratges sobre la viol\u00e8ncia de g\u00e8nere"},"content":{"rendered":"<p>Els alumnes de 3r d&#8217;ESO, dins del seu cr\u00e8dit de s\u00edntesi, han elaborat uns <strong>curtmetratges<\/strong> que tracten sobre la viol\u00e8ncia de g\u00e8nere. Els arguments d&#8217;aquests curts tracten sobre les desigualtats de g\u00e8nere que encara es produeixen en la nostra societat. Els propis <span style=\"font-family: inherit; font-size: 1em;\">alumnes han elaborat el gui\u00f3 del curt, han decidit els espais on dur a terme la gravaci\u00f3, els rols dels personatges i posteriorment han interpretat els papers com a bons actors i han gravat els curts.<\/span><\/p>\n<p>Tot aix\u00f2 ha estat possible gr\u00e0cies a l&#8217;ajuda dels professionals de <strong>Teleduca<\/strong>, que han assessorat al nostre alumnat en tot moment. Com podeu veure, el nostre institut s&#8217;ha convertit en un plat\u00f3 de gravaci\u00f3 de cinema en els \u00faltims dies! <\/p>\n<p>&nbsp;<\/p>\n","protected":false},"excerpt":{"rendered":"<p>Els alumnes de 3r d&#8217;ESO, dins del seu cr\u00e8dit de s\u00edntesi, han elaborat uns curtmetratges que tracten sobre la viol\u00e8ncia de g\u00e8nere. Els arguments d&#8217;aquests curts tracten sobre les desigualtats de g\u00e8nere que encara es produeixen en la nostra societat. Els propis alumnes han elaborat&hellip;  <a href=\"https:\/\/agora.xtec.cat\/inscomasisola\/portada\/curtmetratges-sobre-la-violencia-de-genere\/\" title=\"Read Curtmetratges sobre la viol\u00e8ncia de g\u00e8nere\">Llegeix m\u00e9s\u00bb<\/a><\/p>\n","protected":false},"author":1,"featured_media":19453,"comment_status":"open","ping_status":"closed","sticky":false,"template":"","format":"standard","meta":{"_bbp_topic_count":0,"_bbp_reply_count":0,"_bbp_total_topic_count":0,"_bbp_total_reply_count":0,"_bbp_voice_count":0,"_bbp_anonymous_reply_count":0,"_bbp_topic_count_hidden":0,"_bbp_reply_count_hidden":0,"_bbp_forum_subforum_count":0,"footnotes":""},"categories":[29],"tags":[],"class_list":["post-19471","post","type-post","status-publish","format-standard","has-post-thumbnail","hentry","category-portada"],"post_mailing_queue_ids":[],"_links":{"self":[{"href":"https:\/\/agora.xtec.cat\/inscomasisola\/wp-json\/wp\/v2\/posts\/19471","targetHints":{"allow":["GET"]}}],"collection":[{"href":"https:\/\/agora.xtec.cat\/inscomasisola\/wp-json\/wp\/v2\/posts"}],"about":[{"href":"https:\/\/agora.xtec.cat\/inscomasisola\/wp-json\/wp\/v2\/types\/post"}],"author":[{"embeddable":true,"href":"https:\/\/agora.xtec.cat\/inscomasisola\/wp-json\/wp\/v2\/users\/1"}],"replies":[{"embeddable":true,"href":"https:\/\/agora.xtec.cat\/inscomasisola\/wp-json\/wp\/v2\/comments?post=19471"}],"version-history":[{"count":2,"href":"https:\/\/agora.xtec.cat\/inscomasisola\/wp-json\/wp\/v2\/posts\/19471\/revisions"}],"predecessor-version":[{"id":19473,"href":"https:\/\/agora.xtec.cat\/inscomasisola\/wp-json\/wp\/v2\/posts\/19471\/revisions\/19473"}],"wp:featuredmedia":[{"embeddable":true,"href":"https:\/\/agora.xtec.cat\/inscomasisola\/wp-json\/wp\/v2\/media\/19453"}],"wp:attachment":[{"href":"https:\/\/agora.xtec.cat\/inscomasisola\/wp-json\/wp\/v2\/media?parent=19471"}],"wp:term":[{"taxonomy":"category","embeddable":true,"href":"https:\/\/agora.xtec.cat\/inscomasisola\/wp-json\/wp\/v2\/categories?post=19471"},{"taxonomy":"post_tag","embeddable":true,"href":"https:\/\/agora.xtec.cat\/inscomasisola\/wp-json\/wp\/v2\/tags?post=19471"}],"curies":[{"name":"wp","href":"https:\/\/api.w.org\/{rel}","templated":true}]}}