{"id":19447,"date":"2021-06-15T08:41:28","date_gmt":"2021-06-15T06:41:28","guid":{"rendered":"http:\/\/agora.xtec.cat\/inscomasisola\/?p=19447"},"modified":"2021-06-15T08:45:34","modified_gmt":"2021-06-15T06:45:34","slug":"excursio-al-park-guell","status":"publish","type":"post","link":"https:\/\/agora.xtec.cat\/inscomasisola\/general\/excursio-al-park-guell\/","title":{"rendered":"Excursi\u00f3 al Park G\u00fcell!"},"content":{"rendered":"<p>l dijous passat dia 10 de juny de 2021, els alumnes de 2n d&#8217;ESO van anar d&#8217;excursi\u00f3 al Park G\u00fcell.<\/p>\n<p>All\u00e0 van poder gaudir d&#8217;aquest jard\u00ed arquitect\u00f2nic tan bonic dissenyat per Antoni Gaud\u00ed, m\u00e0xim exponent del modernisme catal\u00e0.<\/p>\n\n<p>&nbsp;<\/p>\n","protected":false},"excerpt":{"rendered":"<p>l dijous passat dia 10 de juny de 2021, els alumnes de 2n d&#8217;ESO van anar d&#8217;excursi\u00f3 al Park G\u00fcell.<br \/>\nAll\u00e0 van poder gaudir d&#8217;aquest jard\u00ed arquitect\u00f2nic tan bonic dissenyat per Antoni Gaud\u00ed, m\u00e0xim exponent del modernisme catal\u00e0.<\/p>\n<p>&nbsp;<\/p>\n","protected":false},"author":1,"featured_media":19443,"comment_status":"open","ping_status":"closed","sticky":false,"template":"","format":"standard","meta":{"_bbp_topic_count":0,"_bbp_reply_count":0,"_bbp_total_topic_count":0,"_bbp_total_reply_count":0,"_bbp_voice_count":0,"_bbp_anonymous_reply_count":0,"_bbp_topic_count_hidden":0,"_bbp_reply_count_hidden":0,"_bbp_forum_subforum_count":0,"footnotes":""},"categories":[1,29],"tags":[],"class_list":["post-19447","post","type-post","status-publish","format-standard","has-post-thumbnail","hentry","category-general","category-portada"],"post_mailing_queue_ids":[],"_links":{"self":[{"href":"https:\/\/agora.xtec.cat\/inscomasisola\/wp-json\/wp\/v2\/posts\/19447","targetHints":{"allow":["GET"]}}],"collection":[{"href":"https:\/\/agora.xtec.cat\/inscomasisola\/wp-json\/wp\/v2\/posts"}],"about":[{"href":"https:\/\/agora.xtec.cat\/inscomasisola\/wp-json\/wp\/v2\/types\/post"}],"author":[{"embeddable":true,"href":"https:\/\/agora.xtec.cat\/inscomasisola\/wp-json\/wp\/v2\/users\/1"}],"replies":[{"embeddable":true,"href":"https:\/\/agora.xtec.cat\/inscomasisola\/wp-json\/wp\/v2\/comments?post=19447"}],"version-history":[{"count":2,"href":"https:\/\/agora.xtec.cat\/inscomasisola\/wp-json\/wp\/v2\/posts\/19447\/revisions"}],"predecessor-version":[{"id":19449,"href":"https:\/\/agora.xtec.cat\/inscomasisola\/wp-json\/wp\/v2\/posts\/19447\/revisions\/19449"}],"wp:featuredmedia":[{"embeddable":true,"href":"https:\/\/agora.xtec.cat\/inscomasisola\/wp-json\/wp\/v2\/media\/19443"}],"wp:attachment":[{"href":"https:\/\/agora.xtec.cat\/inscomasisola\/wp-json\/wp\/v2\/media?parent=19447"}],"wp:term":[{"taxonomy":"category","embeddable":true,"href":"https:\/\/agora.xtec.cat\/inscomasisola\/wp-json\/wp\/v2\/categories?post=19447"},{"taxonomy":"post_tag","embeddable":true,"href":"https:\/\/agora.xtec.cat\/inscomasisola\/wp-json\/wp\/v2\/tags?post=19447"}],"curies":[{"name":"wp","href":"https:\/\/api.w.org\/{rel}","templated":true}]}}