{"id":19398,"date":"2021-05-18T17:47:11","date_gmt":"2021-05-18T15:47:11","guid":{"rendered":"http:\/\/agora.xtec.cat\/inscomasisola\/?p=19398"},"modified":"2021-05-18T18:03:27","modified_gmt":"2021-05-18T16:03:27","slug":"finalistes-del-repte-de-dades-obertes","status":"publish","type":"post","link":"https:\/\/agora.xtec.cat\/inscomasisola\/general\/finalistes-del-repte-de-dades-obertes\/","title":{"rendered":"Finalistes del Repte de Dades Obertes!!"},"content":{"rendered":"<p>Els nostres alumnes de 3r A i B han participat en el Repte de Dades Obertes de l&#8217;Ajuntament de Barcelona i han quedat finalistes juntament amb 5 altres instituts.<\/p>\n<p>El proper dimarts 25 de maig se celebrar\u00e0 l&#8217;acte d&#8217;entrega de premis al Sal\u00f3 de Cent de l&#8217;Ajuntament de Barcelona i els nostres alumnes hi assistiran per tal de rebre el diploma acreditatiu de finalistes i per saber si se&#8217;ls hi concideix un dels 3 primers premis que consistir\u00e0 en una experi\u00e8ncia de drons. Aquest acte es podr\u00e0 veure en directe al <strong>canal de Youtube de l&#8217;Ajuntament de Barcelona<\/strong> de 10 a 11.30h del mat\u00ed.<\/p>\n<p>En el treball que han realitzat han estudiat els efectes del confinament durant la pand\u00e8mia del COVID-19 en la qualitat de l&#8217;aire de Barcelona. Aqu\u00ed podeu veure la infografia que han presentat i el v\u00eddeo de presentaci\u00f3 que han fet, aix\u00ed com la sala on se celebrar\u00e0 l&#8217;entrega de premis.<\/p>\n<p>Els hi desitgem molta sort, tot i que haver arribat fins aqu\u00ed ja \u00e9s tot un m\u00e8rit!! Felicitats!!!<\/p>\n\n<div style=\"width: 426px;\" class=\"wp-video\"><!--[if lt IE 9]><script>document.createElement('video');<\/script><![endif]-->\n<video class=\"wp-video-shortcode\" id=\"video-19398-1\" width=\"426\" height=\"240\" preload=\"metadata\" controls=\"controls\"><source type=\"video\/mp4\" src=\"https:\/\/agora.xtec.cat\/inscomasisola\/wp-content\/uploads\/usu1298\/2021\/05\/V\u00eddeocomprimit_ComasiSol\u00e0-1.mp4?_=1\" \/><a href=\"https:\/\/agora.xtec.cat\/inscomasisola\/wp-content\/uploads\/usu1298\/2021\/05\/V\u00eddeocomprimit_ComasiSol\u00e0-1.mp4\">https:\/\/agora.xtec.cat\/inscomasisola\/wp-content\/uploads\/usu1298\/2021\/05\/V\u00eddeocomprimit_ComasiSol\u00e0-1.mp4<\/a><\/video><\/div>\n","protected":false},"excerpt":{"rendered":"<p>Els nostres alumnes de 3r A i B han participat en el Repte de Dades Obertes de l&#8217;Ajuntament de Barcelona i han quedat finalistes juntament amb 5 altres instituts.<br \/>\nEl proper dimarts 25 de maig se celebrar\u00e0 l&#8217;acte d&#8217;entrega de premis al Sal\u00f3 de Cent de&hellip;  <a href=\"https:\/\/agora.xtec.cat\/inscomasisola\/general\/finalistes-del-repte-de-dades-obertes\/\" title=\"Read Finalistes del Repte de Dades Obertes!!\">Llegeix m\u00e9s\u00bb<\/a><\/p>\n","protected":false},"author":1,"featured_media":19403,"comment_status":"open","ping_status":"closed","sticky":false,"template":"","format":"standard","meta":{"_bbp_topic_count":0,"_bbp_reply_count":0,"_bbp_total_topic_count":0,"_bbp_total_reply_count":0,"_bbp_voice_count":0,"_bbp_anonymous_reply_count":0,"_bbp_topic_count_hidden":0,"_bbp_reply_count_hidden":0,"_bbp_forum_subforum_count":0,"footnotes":""},"categories":[1,29],"tags":[],"class_list":["post-19398","post","type-post","status-publish","format-standard","has-post-thumbnail","hentry","category-general","category-portada"],"post_mailing_queue_ids":[],"_links":{"self":[{"href":"https:\/\/agora.xtec.cat\/inscomasisola\/wp-json\/wp\/v2\/posts\/19398","targetHints":{"allow":["GET"]}}],"collection":[{"href":"https:\/\/agora.xtec.cat\/inscomasisola\/wp-json\/wp\/v2\/posts"}],"about":[{"href":"https:\/\/agora.xtec.cat\/inscomasisola\/wp-json\/wp\/v2\/types\/post"}],"author":[{"embeddable":true,"href":"https:\/\/agora.xtec.cat\/inscomasisola\/wp-json\/wp\/v2\/users\/1"}],"replies":[{"embeddable":true,"href":"https:\/\/agora.xtec.cat\/inscomasisola\/wp-json\/wp\/v2\/comments?post=19398"}],"version-history":[{"count":3,"href":"https:\/\/agora.xtec.cat\/inscomasisola\/wp-json\/wp\/v2\/posts\/19398\/revisions"}],"predecessor-version":[{"id":19408,"href":"https:\/\/agora.xtec.cat\/inscomasisola\/wp-json\/wp\/v2\/posts\/19398\/revisions\/19408"}],"wp:featuredmedia":[{"embeddable":true,"href":"https:\/\/agora.xtec.cat\/inscomasisola\/wp-json\/wp\/v2\/media\/19403"}],"wp:attachment":[{"href":"https:\/\/agora.xtec.cat\/inscomasisola\/wp-json\/wp\/v2\/media?parent=19398"}],"wp:term":[{"taxonomy":"category","embeddable":true,"href":"https:\/\/agora.xtec.cat\/inscomasisola\/wp-json\/wp\/v2\/categories?post=19398"},{"taxonomy":"post_tag","embeddable":true,"href":"https:\/\/agora.xtec.cat\/inscomasisola\/wp-json\/wp\/v2\/tags?post=19398"}],"curies":[{"name":"wp","href":"https:\/\/api.w.org\/{rel}","templated":true}]}}