{"id":19383,"date":"2021-05-18T17:37:02","date_gmt":"2021-05-18T15:37:02","guid":{"rendered":"http:\/\/agora.xtec.cat\/inscomasisola\/?p=19383"},"modified":"2021-05-18T17:51:33","modified_gmt":"2021-05-18T15:51:33","slug":"viatge-de-final-de-curs-de-4t-deso","status":"publish","type":"post","link":"https:\/\/agora.xtec.cat\/inscomasisola\/general\/viatge-de-final-de-curs-de-4t-deso\/","title":{"rendered":"Viatge de final de curs de 4t d&#8217;ESO"},"content":{"rendered":"<p>L&#8217;alumnat de 4t d&#8217;ESO va marxar ahir cap al Delta de l&#8217;Ebre per a gaudir de 3 dies de viatge de final de curs.<\/p>\n<p>Com podeu veure en aquestes imatges, ja han anat en vaixell pel Delta i han fet diverses activitats d&#8217;aigua pel riu.<\/p>\n<p>Ho estan passant d&#8217;all\u00f2 m\u00e9s b\u00e9 i nosaltres estem s\u00faper contents de veure&#8217;ls aix\u00ed de feli\u00e7os!<\/p>\n\n<p>&nbsp;<\/p>\n","protected":false},"excerpt":{"rendered":"<p>L&#8217;alumnat de 4t d&#8217;ESO va marxar ahir cap al Delta de l&#8217;Ebre per a gaudir de 3 dies de viatge de final de curs.<br \/>\nCom podeu veure en aquestes imatges, ja han anat en vaixell pel Delta i han fet diverses activitats d&#8217;aigua pel riu.<br \/>\nHo estan&hellip;  <a href=\"https:\/\/agora.xtec.cat\/inscomasisola\/general\/viatge-de-final-de-curs-de-4t-deso\/\" title=\"Read Viatge de final de curs de 4t d&#8217;ESO\">Llegeix m\u00e9s\u00bb<\/a><\/p>\n","protected":false},"author":1,"featured_media":19385,"comment_status":"open","ping_status":"closed","sticky":false,"template":"","format":"standard","meta":{"_bbp_topic_count":0,"_bbp_reply_count":0,"_bbp_total_topic_count":0,"_bbp_total_reply_count":0,"_bbp_voice_count":0,"_bbp_anonymous_reply_count":0,"_bbp_topic_count_hidden":0,"_bbp_reply_count_hidden":0,"_bbp_forum_subforum_count":0,"footnotes":""},"categories":[1,29],"tags":[],"class_list":["post-19383","post","type-post","status-publish","format-standard","has-post-thumbnail","hentry","category-general","category-portada"],"post_mailing_queue_ids":[],"_links":{"self":[{"href":"https:\/\/agora.xtec.cat\/inscomasisola\/wp-json\/wp\/v2\/posts\/19383","targetHints":{"allow":["GET"]}}],"collection":[{"href":"https:\/\/agora.xtec.cat\/inscomasisola\/wp-json\/wp\/v2\/posts"}],"about":[{"href":"https:\/\/agora.xtec.cat\/inscomasisola\/wp-json\/wp\/v2\/types\/post"}],"author":[{"embeddable":true,"href":"https:\/\/agora.xtec.cat\/inscomasisola\/wp-json\/wp\/v2\/users\/1"}],"replies":[{"embeddable":true,"href":"https:\/\/agora.xtec.cat\/inscomasisola\/wp-json\/wp\/v2\/comments?post=19383"}],"version-history":[{"count":2,"href":"https:\/\/agora.xtec.cat\/inscomasisola\/wp-json\/wp\/v2\/posts\/19383\/revisions"}],"predecessor-version":[{"id":19397,"href":"https:\/\/agora.xtec.cat\/inscomasisola\/wp-json\/wp\/v2\/posts\/19383\/revisions\/19397"}],"wp:featuredmedia":[{"embeddable":true,"href":"https:\/\/agora.xtec.cat\/inscomasisola\/wp-json\/wp\/v2\/media\/19385"}],"wp:attachment":[{"href":"https:\/\/agora.xtec.cat\/inscomasisola\/wp-json\/wp\/v2\/media?parent=19383"}],"wp:term":[{"taxonomy":"category","embeddable":true,"href":"https:\/\/agora.xtec.cat\/inscomasisola\/wp-json\/wp\/v2\/categories?post=19383"},{"taxonomy":"post_tag","embeddable":true,"href":"https:\/\/agora.xtec.cat\/inscomasisola\/wp-json\/wp\/v2\/tags?post=19383"}],"curies":[{"name":"wp","href":"https:\/\/api.w.org\/{rel}","templated":true}]}}