{"id":19376,"date":"2021-05-18T16:06:44","date_gmt":"2021-05-18T14:06:44","guid":{"rendered":"http:\/\/agora.xtec.cat\/inscomasisola\/?p=19376"},"modified":"2021-05-18T16:10:35","modified_gmt":"2021-05-18T14:10:35","slug":"colonies-de-2n-i-3r-deso","status":"publish","type":"post","link":"https:\/\/agora.xtec.cat\/inscomasisola\/general\/colonies-de-2n-i-3r-deso\/","title":{"rendered":"Col\u00f2nies de 2n i 3r d&#8217;ESO a Llinars del Vall\u00e8s!"},"content":{"rendered":"<p>L&#8217;alumnat de 2n i 3r de l&#8217;institut el passat dimarts 11 i dimecres 12 de maig vam anar de col\u00f2nies a casa Mogent situada a Llinars del Vall\u00e8s.<\/p>\n<p>Vam sortir de l&#8217;institut a les 09:30 en autocar amb els nostres equipatges. Un cop aparcat l&#8217;autocar, els monitors i les monitores ens van venir a rebre vestits amb faldilles de tul. Ens vam dirigir al claustre de la casa de col\u00f2nies on vam esmorzar, jugar a ping-pong, jugar a futbolin i diversos jocs.\u00a0Ens vam organitzar per grups-bombolla pels \u00e0pats i les activitats: parc vertical, roc\u00f2drom, ruta d&#8217;orientaci\u00f3, guerra de farina, karts a pedals, tir amb arc, lluita de gladiadors, joc de nit, etc.\u00a0Al final del primer dia, despr\u00e9s del joc de nit, va comen\u00e7ar la sessi\u00f3 de discoteca amb la m\u00fasica que pr\u00e8viament hav\u00edem escollit. Vam ballar molt\u00edssim. I ens vam anar a les habitacions.\u00a0El segon dia vam acabar les activitats que ens faltaven. Despr\u00e9s de dinar, vam tornar a l&#8217;institut.<\/p>\n<p>Van ser unes col\u00f2nies alliberadores. Ens ho vam passar genial!<\/p>\n<div><\/div>\n<div><\/div>\n","protected":false},"excerpt":{"rendered":"<p>L&#8217;alumnat de 2n i 3r de l&#8217;institut el passat dimarts 11 i dimecres 12 de maig vam anar de col\u00f2nies a casa Mogent situada a Llinars del Vall\u00e8s.<br \/>\nVam sortir de l&#8217;institut a les 09:30 en autocar amb els nostres equipatges. Un cop aparcat l&#8217;autocar, els&hellip;  <a href=\"https:\/\/agora.xtec.cat\/inscomasisola\/general\/colonies-de-2n-i-3r-deso\/\" title=\"Read Col\u00f2nies de 2n i 3r d&#8217;ESO a Llinars del Vall\u00e8s!\">Llegeix m\u00e9s\u00bb<\/a><\/p>\n","protected":false},"author":1,"featured_media":19367,"comment_status":"open","ping_status":"closed","sticky":false,"template":"","format":"standard","meta":{"_bbp_topic_count":0,"_bbp_reply_count":0,"_bbp_total_topic_count":0,"_bbp_total_reply_count":0,"_bbp_voice_count":0,"_bbp_anonymous_reply_count":0,"_bbp_topic_count_hidden":0,"_bbp_reply_count_hidden":0,"_bbp_forum_subforum_count":0,"footnotes":""},"categories":[1,29],"tags":[],"class_list":["post-19376","post","type-post","status-publish","format-standard","has-post-thumbnail","hentry","category-general","category-portada"],"post_mailing_queue_ids":[],"_links":{"self":[{"href":"https:\/\/agora.xtec.cat\/inscomasisola\/wp-json\/wp\/v2\/posts\/19376","targetHints":{"allow":["GET"]}}],"collection":[{"href":"https:\/\/agora.xtec.cat\/inscomasisola\/wp-json\/wp\/v2\/posts"}],"about":[{"href":"https:\/\/agora.xtec.cat\/inscomasisola\/wp-json\/wp\/v2\/types\/post"}],"author":[{"embeddable":true,"href":"https:\/\/agora.xtec.cat\/inscomasisola\/wp-json\/wp\/v2\/users\/1"}],"replies":[{"embeddable":true,"href":"https:\/\/agora.xtec.cat\/inscomasisola\/wp-json\/wp\/v2\/comments?post=19376"}],"version-history":[{"count":3,"href":"https:\/\/agora.xtec.cat\/inscomasisola\/wp-json\/wp\/v2\/posts\/19376\/revisions"}],"predecessor-version":[{"id":19379,"href":"https:\/\/agora.xtec.cat\/inscomasisola\/wp-json\/wp\/v2\/posts\/19376\/revisions\/19379"}],"wp:featuredmedia":[{"embeddable":true,"href":"https:\/\/agora.xtec.cat\/inscomasisola\/wp-json\/wp\/v2\/media\/19367"}],"wp:attachment":[{"href":"https:\/\/agora.xtec.cat\/inscomasisola\/wp-json\/wp\/v2\/media?parent=19376"}],"wp:term":[{"taxonomy":"category","embeddable":true,"href":"https:\/\/agora.xtec.cat\/inscomasisola\/wp-json\/wp\/v2\/categories?post=19376"},{"taxonomy":"post_tag","embeddable":true,"href":"https:\/\/agora.xtec.cat\/inscomasisola\/wp-json\/wp\/v2\/tags?post=19376"}],"curies":[{"name":"wp","href":"https:\/\/api.w.org\/{rel}","templated":true}]}}