{"id":19334,"date":"2021-05-13T20:07:39","date_gmt":"2021-05-13T18:07:39","guid":{"rendered":"http:\/\/agora.xtec.cat\/inscomasisola\/?p=19334"},"modified":"2021-05-18T16:15:31","modified_gmt":"2021-05-18T14:15:31","slug":"conte-tradicional-fet-pels-alumnes-de-2n-deso","status":"publish","type":"post","link":"https:\/\/agora.xtec.cat\/inscomasisola\/portada\/conte-tradicional-fet-pels-alumnes-de-2n-deso\/","title":{"rendered":"Conte tradicional fet pels alumnes de 2n d&#8217;ESO"},"content":{"rendered":"<p style=\"font-weight: 400;\">Els alumnes de 2<sup>on<\/sup>\u00a0d&#8217;ESO han participat al llarg del curs en un projecte APS en col.laboraci\u00f3 amb la Fundaci\u00f3 Vicente Ferrer.<\/p>\n<p style=\"font-weight: 400;\">L&#8217;Objectiu era treballar un conte infantil tradicional de l&#8217;\u00cdndia i reescriure\u2019l amb perspectiva de g\u00e8nere de manera que trenqu\u00e9s amb tots els estereotips i tract\u00e9s homes i dones en termes d&#8217;igualtat.<\/p>\n<p style=\"font-weight: 400;\">D&#8217;entre tots els contes, s&#8217;ha triat un per fer aquest videoconte i ha estat il.lustrat per un dibuixant professional. Volem compartir amb vosaltres el resultat. Esperem que us agradi!<\/p>\n<div style=\"width: 1920px;\" class=\"wp-video\"><!--[if lt IE 9]><script>document.createElement('video');<\/script><![endif]-->\n<video class=\"wp-video-shortcode\" id=\"video-19334-1\" width=\"1920\" height=\"1080\" preload=\"metadata\" controls=\"controls\"><source type=\"video\/mp4\" src=\"https:\/\/agora.xtec.cat\/inscomasisola\/wp-content\/uploads\/usu1298\/2021\/05\/sita-i-els-seus-amics_yiLrx4qV-copia-1.mp4?_=1\" \/><a href=\"https:\/\/agora.xtec.cat\/inscomasisola\/wp-content\/uploads\/usu1298\/2021\/05\/sita-i-els-seus-amics_yiLrx4qV-copia-1.mp4\">https:\/\/agora.xtec.cat\/inscomasisola\/wp-content\/uploads\/usu1298\/2021\/05\/sita-i-els-seus-amics_yiLrx4qV-copia-1.mp4<\/a><\/video><\/div>\n","protected":false},"excerpt":{"rendered":"<p>Els alumnes de 2on\u00a0d&#8217;ESO han participat al llarg del curs en un projecte APS en col.laboraci\u00f3 amb la Fundaci\u00f3 Vicente Ferrer.<br \/>\nL&#8217;Objectiu era treballar un conte infantil tradicional de l&#8217;\u00cdndia i reescriure\u2019l amb perspectiva de g\u00e8nere de manera que trenqu\u00e9s amb tots els estereotips i tract\u00e9s&hellip;  <a href=\"https:\/\/agora.xtec.cat\/inscomasisola\/portada\/conte-tradicional-fet-pels-alumnes-de-2n-deso\/\" title=\"Read Conte tradicional fet pels alumnes de 2n d&#8217;ESO\">Llegeix m\u00e9s\u00bb<\/a><\/p>\n","protected":false},"author":1,"featured_media":0,"comment_status":"open","ping_status":"closed","sticky":false,"template":"","format":"standard","meta":{"_bbp_topic_count":0,"_bbp_reply_count":0,"_bbp_total_topic_count":0,"_bbp_total_reply_count":0,"_bbp_voice_count":0,"_bbp_anonymous_reply_count":0,"_bbp_topic_count_hidden":0,"_bbp_reply_count_hidden":0,"_bbp_forum_subforum_count":0,"footnotes":""},"categories":[29],"tags":[],"class_list":["post-19334","post","type-post","status-publish","format-standard","hentry","category-portada"],"post_mailing_queue_ids":[],"_links":{"self":[{"href":"https:\/\/agora.xtec.cat\/inscomasisola\/wp-json\/wp\/v2\/posts\/19334","targetHints":{"allow":["GET"]}}],"collection":[{"href":"https:\/\/agora.xtec.cat\/inscomasisola\/wp-json\/wp\/v2\/posts"}],"about":[{"href":"https:\/\/agora.xtec.cat\/inscomasisola\/wp-json\/wp\/v2\/types\/post"}],"author":[{"embeddable":true,"href":"https:\/\/agora.xtec.cat\/inscomasisola\/wp-json\/wp\/v2\/users\/1"}],"replies":[{"embeddable":true,"href":"https:\/\/agora.xtec.cat\/inscomasisola\/wp-json\/wp\/v2\/comments?post=19334"}],"version-history":[{"count":2,"href":"https:\/\/agora.xtec.cat\/inscomasisola\/wp-json\/wp\/v2\/posts\/19334\/revisions"}],"predecessor-version":[{"id":19382,"href":"https:\/\/agora.xtec.cat\/inscomasisola\/wp-json\/wp\/v2\/posts\/19334\/revisions\/19382"}],"wp:attachment":[{"href":"https:\/\/agora.xtec.cat\/inscomasisola\/wp-json\/wp\/v2\/media?parent=19334"}],"wp:term":[{"taxonomy":"category","embeddable":true,"href":"https:\/\/agora.xtec.cat\/inscomasisola\/wp-json\/wp\/v2\/categories?post=19334"},{"taxonomy":"post_tag","embeddable":true,"href":"https:\/\/agora.xtec.cat\/inscomasisola\/wp-json\/wp\/v2\/tags?post=19334"}],"curies":[{"name":"wp","href":"https:\/\/api.w.org\/{rel}","templated":true}]}}