{"id":19323,"date":"2021-04-26T19:05:55","date_gmt":"2021-04-26T17:05:55","guid":{"rendered":"http:\/\/agora.xtec.cat\/inscomasisola\/?p=19323"},"modified":"2021-05-18T16:14:58","modified_gmt":"2021-05-18T14:14:58","slug":"un-sant-jordi-diferent","status":"publish","type":"post","link":"https:\/\/agora.xtec.cat\/inscomasisola\/portada\/un-sant-jordi-diferent\/","title":{"rendered":"Un Sant Jordi diferent"},"content":{"rendered":"<p>Aquest any al Comas hem celebrat el Sant Jordi d&#8217;una manera especial, ja que les mesures pel COVID-19 no ens permetien fer una celebraci\u00f3 al gimn\u00e0s de l&#8217;institut amb tots els grups junts, com hem fet en anys anteriors<span style=\"font-family: inherit; font-size: 1em;\">. Per\u00f2 hem trobat una molt bona alternativa! Hem fet un Sant Jordi telem\u00e0tic!<\/span><\/p>\n<p>Els nostres alumnes han preparat diverses actuacions, entre les quals hi ha hagut lectures de textos i poemes en llengua catalana, castellana i anglesa, actuacions musicals i de ball, i fins i tot una actuaci\u00f3 de cant coral dels profes! Aquests v\u00eddeos s&#8217;han projectat en totes les aules i tot l&#8217;alumnat els ha vist simult\u00e0niament. Ha estat un Sant Jordi diferent per\u00f2 molt especial!<\/p>\n<p>Com a mostra aqu\u00ed podeu veure l&#8217;actuaci\u00f3 dels alumnes de 3r A fent una interpretaci\u00f3 d&#8217;Enric Cassasses. Esperem que us agradi i que vosaltres tamb\u00e9 hagueu gaudit d&#8217;aquest Sant Jordi 2021!<\/p>\n<div style=\"width: 1920px;\" class=\"wp-video\"><!--[if lt IE 9]><script>document.createElement('video');<\/script><![endif]-->\n<video class=\"wp-video-shortcode\" id=\"video-19323-1\" width=\"1920\" height=\"1080\" preload=\"metadata\" controls=\"controls\"><source type=\"video\/mp4\" src=\"https:\/\/agora.xtec.cat\/inscomasisola\/wp-content\/uploads\/usu1298\/2021\/04\/41-3ra_EfJA7Edy.mp4?_=1\" \/><a href=\"https:\/\/agora.xtec.cat\/inscomasisola\/wp-content\/uploads\/usu1298\/2021\/04\/41-3ra_EfJA7Edy.mp4\">https:\/\/agora.xtec.cat\/inscomasisola\/wp-content\/uploads\/usu1298\/2021\/04\/41-3ra_EfJA7Edy.mp4<\/a><\/video><\/div>\n<p>&nbsp;<\/p>\n","protected":false},"excerpt":{"rendered":"<p>Aquest any al Comas hem celebrat el Sant Jordi d&#8217;una manera especial, ja que les mesures pel COVID-19 no ens permetien fer una celebraci\u00f3 al gimn\u00e0s de l&#8217;institut amb tots els grups junts, com hem fet en anys anteriors. Per\u00f2 hem trobat una molt bona&hellip;  <a href=\"https:\/\/agora.xtec.cat\/inscomasisola\/portada\/un-sant-jordi-diferent\/\" title=\"Read Un Sant Jordi diferent\">Llegeix m\u00e9s\u00bb<\/a><\/p>\n","protected":false},"author":1,"featured_media":0,"comment_status":"open","ping_status":"closed","sticky":false,"template":"","format":"standard","meta":{"_bbp_topic_count":0,"_bbp_reply_count":0,"_bbp_total_topic_count":0,"_bbp_total_reply_count":0,"_bbp_voice_count":0,"_bbp_anonymous_reply_count":0,"_bbp_topic_count_hidden":0,"_bbp_reply_count_hidden":0,"_bbp_forum_subforum_count":0,"footnotes":""},"categories":[29],"tags":[],"class_list":["post-19323","post","type-post","status-publish","format-standard","hentry","category-portada"],"post_mailing_queue_ids":[],"_links":{"self":[{"href":"https:\/\/agora.xtec.cat\/inscomasisola\/wp-json\/wp\/v2\/posts\/19323","targetHints":{"allow":["GET"]}}],"collection":[{"href":"https:\/\/agora.xtec.cat\/inscomasisola\/wp-json\/wp\/v2\/posts"}],"about":[{"href":"https:\/\/agora.xtec.cat\/inscomasisola\/wp-json\/wp\/v2\/types\/post"}],"author":[{"embeddable":true,"href":"https:\/\/agora.xtec.cat\/inscomasisola\/wp-json\/wp\/v2\/users\/1"}],"replies":[{"embeddable":true,"href":"https:\/\/agora.xtec.cat\/inscomasisola\/wp-json\/wp\/v2\/comments?post=19323"}],"version-history":[{"count":3,"href":"https:\/\/agora.xtec.cat\/inscomasisola\/wp-json\/wp\/v2\/posts\/19323\/revisions"}],"predecessor-version":[{"id":19381,"href":"https:\/\/agora.xtec.cat\/inscomasisola\/wp-json\/wp\/v2\/posts\/19323\/revisions\/19381"}],"wp:attachment":[{"href":"https:\/\/agora.xtec.cat\/inscomasisola\/wp-json\/wp\/v2\/media?parent=19323"}],"wp:term":[{"taxonomy":"category","embeddable":true,"href":"https:\/\/agora.xtec.cat\/inscomasisola\/wp-json\/wp\/v2\/categories?post=19323"},{"taxonomy":"post_tag","embeddable":true,"href":"https:\/\/agora.xtec.cat\/inscomasisola\/wp-json\/wp\/v2\/tags?post=19323"}],"curies":[{"name":"wp","href":"https:\/\/api.w.org\/{rel}","templated":true}]}}