{"id":19278,"date":"2021-02-16T15:51:35","date_gmt":"2021-02-16T14:51:35","guid":{"rendered":"http:\/\/agora.xtec.cat\/inscomasisola\/?p=19278"},"modified":"2021-02-16T15:51:35","modified_gmt":"2021-02-16T14:51:35","slug":"ens-visita-lescriptor-arturo-padilla-de-juan","status":"publish","type":"post","link":"https:\/\/agora.xtec.cat\/inscomasisola\/portada\/ens-visita-lescriptor-arturo-padilla-de-juan\/","title":{"rendered":"Ens visita l&#8217;escriptor Arturo Padilla de Juan!"},"content":{"rendered":"<p><em>El passat 5 de febrer els alumnes de 2on d&#8217;ESO van rebre la visita de l&#8217;escriptor Arturo Padilla de Juan, autor de la novel\u00b7la Presoners del mar. Presoners del mar<\/em><em>\u00a0\u00e9s una novel\u00b7la<\/em>\u00a0d&#8217;aventures que parla sobre l&#8217;amor i la lluita per sobreviure\u00a0i que desperta moltes emocions en els lectors.<\/p>\n<p>L\u2019Arturo ens va explicar com va decidir fer-se escriptor, qu\u00e8 el va inspirar a escriure aquesta hist\u00f2ria i va respondre a totes les preguntes que li hav\u00edem preparat per tal de con\u00e8ixe\u2019l una mica m\u00e9s tant a nivell personal com professional.<\/p>\n<p>Vam passar una estona molt agradable tots plegats!<\/p>\n<p><a href=\"https:\/\/agora.xtec.cat\/inscomasisola\/wp-content\/uploads\/usu1298\/2021\/02\/Foto-2.jpg\"><img loading=\"lazy\" decoding=\"async\" class=\"aligncenter wp-image-19279 size-large\" src=\"https:\/\/agora.xtec.cat\/inscomasisola\/wp-content\/uploads\/usu1298\/2021\/02\/Foto-2-1024x576.jpg\" alt=\"\" width=\"1024\" height=\"576\" srcset=\"https:\/\/agora.xtec.cat\/inscomasisola\/wp-content\/uploads\/usu1298\/2021\/02\/Foto-2-1024x576.jpg 1024w, https:\/\/agora.xtec.cat\/inscomasisola\/wp-content\/uploads\/usu1298\/2021\/02\/Foto-2-300x169.jpg 300w, https:\/\/agora.xtec.cat\/inscomasisola\/wp-content\/uploads\/usu1298\/2021\/02\/Foto-2-768x432.jpg 768w\" sizes=\"auto, (max-width: 1024px) 100vw, 1024px\" \/><\/a><\/p>\n","protected":false},"excerpt":{"rendered":"<p>El passat 5 de febrer els alumnes de 2on d&#8217;ESO van rebre la visita de l&#8217;escriptor Arturo Padilla de Juan, autor de la novel\u00b7la Presoners del mar. Presoners del mar\u00a0\u00e9s una novel\u00b7la\u00a0d&#8217;aventures que parla sobre l&#8217;amor i la lluita per sobreviure\u00a0i que desperta moltes emocions&hellip;  <a href=\"https:\/\/agora.xtec.cat\/inscomasisola\/portada\/ens-visita-lescriptor-arturo-padilla-de-juan\/\" title=\"Read Ens visita l&#8217;escriptor Arturo Padilla de Juan!\">Llegeix m\u00e9s\u00bb<\/a><\/p>\n","protected":false},"author":1,"featured_media":0,"comment_status":"open","ping_status":"closed","sticky":false,"template":"","format":"standard","meta":{"_bbp_topic_count":0,"_bbp_reply_count":0,"_bbp_total_topic_count":0,"_bbp_total_reply_count":0,"_bbp_voice_count":0,"_bbp_anonymous_reply_count":0,"_bbp_topic_count_hidden":0,"_bbp_reply_count_hidden":0,"_bbp_forum_subforum_count":0,"footnotes":""},"categories":[29],"tags":[],"class_list":["post-19278","post","type-post","status-publish","format-standard","hentry","category-portada"],"post_mailing_queue_ids":[],"_links":{"self":[{"href":"https:\/\/agora.xtec.cat\/inscomasisola\/wp-json\/wp\/v2\/posts\/19278","targetHints":{"allow":["GET"]}}],"collection":[{"href":"https:\/\/agora.xtec.cat\/inscomasisola\/wp-json\/wp\/v2\/posts"}],"about":[{"href":"https:\/\/agora.xtec.cat\/inscomasisola\/wp-json\/wp\/v2\/types\/post"}],"author":[{"embeddable":true,"href":"https:\/\/agora.xtec.cat\/inscomasisola\/wp-json\/wp\/v2\/users\/1"}],"replies":[{"embeddable":true,"href":"https:\/\/agora.xtec.cat\/inscomasisola\/wp-json\/wp\/v2\/comments?post=19278"}],"version-history":[{"count":1,"href":"https:\/\/agora.xtec.cat\/inscomasisola\/wp-json\/wp\/v2\/posts\/19278\/revisions"}],"predecessor-version":[{"id":19280,"href":"https:\/\/agora.xtec.cat\/inscomasisola\/wp-json\/wp\/v2\/posts\/19278\/revisions\/19280"}],"wp:attachment":[{"href":"https:\/\/agora.xtec.cat\/inscomasisola\/wp-json\/wp\/v2\/media?parent=19278"}],"wp:term":[{"taxonomy":"category","embeddable":true,"href":"https:\/\/agora.xtec.cat\/inscomasisola\/wp-json\/wp\/v2\/categories?post=19278"},{"taxonomy":"post_tag","embeddable":true,"href":"https:\/\/agora.xtec.cat\/inscomasisola\/wp-json\/wp\/v2\/tags?post=19278"}],"curies":[{"name":"wp","href":"https:\/\/api.w.org\/{rel}","templated":true}]}}