{"id":19243,"date":"2021-01-12T22:38:38","date_gmt":"2021-01-12T21:38:38","guid":{"rendered":"http:\/\/agora.xtec.cat\/inscomasisola\/?p=19243"},"modified":"2021-01-12T22:48:23","modified_gmt":"2021-01-12T21:48:23","slug":"tallers-dimmersio-linguistica","status":"publish","type":"post","link":"https:\/\/agora.xtec.cat\/inscomasisola\/portada\/tallers-dimmersio-linguistica\/","title":{"rendered":"Tallers d&#8217;immersi\u00f3 ling\u00fc\u00edstica"},"content":{"rendered":"<p>Hem tornat de les vacances de Nadal amb molta energia i ganes d&#8217;aprendre mentre ens divertim! Aix\u00ed ho van fer ahir els alumnes de 3r A, B, C i Aula Oberta, que van disfrutar d&#8217;uns tallers d&#8217;angl\u00e8s amb unes monitores molt entusiastes que van ensenyar angl\u00e8s als nostres alumnes a partir d&#8217;uns jocs i proves molt entretinguts! Aix\u00ed de b\u00e9 ho vam passar al Comas!<\/p>\n<p><a href=\"https:\/\/agora.xtec.cat\/inscomasisola\/wp-content\/uploads\/usu1298\/2021\/01\/IMG_20210111_102630.jpg\"><img loading=\"lazy\" decoding=\"async\" class=\"aligncenter wp-image-19244 size-large\" src=\"https:\/\/agora.xtec.cat\/inscomasisola\/wp-content\/uploads\/usu1298\/2021\/01\/IMG_20210111_102630-1024x512.jpg\" alt=\"\" width=\"1024\" height=\"512\" srcset=\"https:\/\/agora.xtec.cat\/inscomasisola\/wp-content\/uploads\/usu1298\/2021\/01\/IMG_20210111_102630-1024x512.jpg 1024w, https:\/\/agora.xtec.cat\/inscomasisola\/wp-content\/uploads\/usu1298\/2021\/01\/IMG_20210111_102630-300x150.jpg 300w, https:\/\/agora.xtec.cat\/inscomasisola\/wp-content\/uploads\/usu1298\/2021\/01\/IMG_20210111_102630-768x384.jpg 768w\" sizes=\"auto, (max-width: 1024px) 100vw, 1024px\" \/><\/a><a href=\"https:\/\/agora.xtec.cat\/inscomasisola\/wp-content\/uploads\/usu1298\/2021\/01\/IMG_20210111_102423.jpg\"><img loading=\"lazy\" decoding=\"async\" class=\"aligncenter wp-image-19245 size-large\" src=\"https:\/\/agora.xtec.cat\/inscomasisola\/wp-content\/uploads\/usu1298\/2021\/01\/IMG_20210111_102423-1024x512.jpg\" alt=\"\" width=\"1024\" height=\"512\" srcset=\"https:\/\/agora.xtec.cat\/inscomasisola\/wp-content\/uploads\/usu1298\/2021\/01\/IMG_20210111_102423-1024x512.jpg 1024w, https:\/\/agora.xtec.cat\/inscomasisola\/wp-content\/uploads\/usu1298\/2021\/01\/IMG_20210111_102423-300x150.jpg 300w, https:\/\/agora.xtec.cat\/inscomasisola\/wp-content\/uploads\/usu1298\/2021\/01\/IMG_20210111_102423-768x384.jpg 768w\" sizes=\"auto, (max-width: 1024px) 100vw, 1024px\" \/><\/a><a href=\"https:\/\/agora.xtec.cat\/inscomasisola\/wp-content\/uploads\/usu1298\/2021\/01\/IMG_20210111_103837.jpg\"><img loading=\"lazy\" decoding=\"async\" class=\"aligncenter wp-image-19246 size-large\" src=\"https:\/\/agora.xtec.cat\/inscomasisola\/wp-content\/uploads\/usu1298\/2021\/01\/IMG_20210111_103837-1024x512.jpg\" alt=\"\" width=\"1024\" height=\"512\" srcset=\"https:\/\/agora.xtec.cat\/inscomasisola\/wp-content\/uploads\/usu1298\/2021\/01\/IMG_20210111_103837-1024x512.jpg 1024w, https:\/\/agora.xtec.cat\/inscomasisola\/wp-content\/uploads\/usu1298\/2021\/01\/IMG_20210111_103837-300x150.jpg 300w, https:\/\/agora.xtec.cat\/inscomasisola\/wp-content\/uploads\/usu1298\/2021\/01\/IMG_20210111_103837-768x384.jpg 768w\" sizes=\"auto, (max-width: 1024px) 100vw, 1024px\" \/><\/a><a href=\"https:\/\/agora.xtec.cat\/inscomasisola\/wp-content\/uploads\/usu1298\/2021\/01\/IMG_20210111_102515.jpg\"><img loading=\"lazy\" decoding=\"async\" class=\"aligncenter wp-image-19247 size-large\" src=\"https:\/\/agora.xtec.cat\/inscomasisola\/wp-content\/uploads\/usu1298\/2021\/01\/IMG_20210111_102515-1024x512.jpg\" alt=\"\" width=\"1024\" height=\"512\" srcset=\"https:\/\/agora.xtec.cat\/inscomasisola\/wp-content\/uploads\/usu1298\/2021\/01\/IMG_20210111_102515-1024x512.jpg 1024w, https:\/\/agora.xtec.cat\/inscomasisola\/wp-content\/uploads\/usu1298\/2021\/01\/IMG_20210111_102515-300x150.jpg 300w, https:\/\/agora.xtec.cat\/inscomasisola\/wp-content\/uploads\/usu1298\/2021\/01\/IMG_20210111_102515-768x384.jpg 768w\" sizes=\"auto, (max-width: 1024px) 100vw, 1024px\" \/><\/a><\/p>\n<p>&nbsp;<\/p>\n","protected":false},"excerpt":{"rendered":"<p>Hem tornat de les vacances de Nadal amb molta energia i ganes d&#8217;aprendre mentre ens divertim! Aix\u00ed ho van fer ahir els alumnes de 3r A, B, C i Aula Oberta, que van disfrutar d&#8217;uns tallers d&#8217;angl\u00e8s amb unes monitores molt entusiastes que van ensenyar&hellip;  <a href=\"https:\/\/agora.xtec.cat\/inscomasisola\/portada\/tallers-dimmersio-linguistica\/\" title=\"Read Tallers d&#8217;immersi\u00f3 ling\u00fc\u00edstica\">Llegeix m\u00e9s\u00bb<\/a><\/p>\n","protected":false},"author":1,"featured_media":0,"comment_status":"open","ping_status":"closed","sticky":false,"template":"","format":"standard","meta":{"_bbp_topic_count":0,"_bbp_reply_count":0,"_bbp_total_topic_count":0,"_bbp_total_reply_count":0,"_bbp_voice_count":0,"_bbp_anonymous_reply_count":0,"_bbp_topic_count_hidden":0,"_bbp_reply_count_hidden":0,"_bbp_forum_subforum_count":0,"footnotes":""},"categories":[29],"tags":[],"class_list":["post-19243","post","type-post","status-publish","format-standard","hentry","category-portada"],"post_mailing_queue_ids":[],"_links":{"self":[{"href":"https:\/\/agora.xtec.cat\/inscomasisola\/wp-json\/wp\/v2\/posts\/19243","targetHints":{"allow":["GET"]}}],"collection":[{"href":"https:\/\/agora.xtec.cat\/inscomasisola\/wp-json\/wp\/v2\/posts"}],"about":[{"href":"https:\/\/agora.xtec.cat\/inscomasisola\/wp-json\/wp\/v2\/types\/post"}],"author":[{"embeddable":true,"href":"https:\/\/agora.xtec.cat\/inscomasisola\/wp-json\/wp\/v2\/users\/1"}],"replies":[{"embeddable":true,"href":"https:\/\/agora.xtec.cat\/inscomasisola\/wp-json\/wp\/v2\/comments?post=19243"}],"version-history":[{"count":3,"href":"https:\/\/agora.xtec.cat\/inscomasisola\/wp-json\/wp\/v2\/posts\/19243\/revisions"}],"predecessor-version":[{"id":19252,"href":"https:\/\/agora.xtec.cat\/inscomasisola\/wp-json\/wp\/v2\/posts\/19243\/revisions\/19252"}],"wp:attachment":[{"href":"https:\/\/agora.xtec.cat\/inscomasisola\/wp-json\/wp\/v2\/media?parent=19243"}],"wp:term":[{"taxonomy":"category","embeddable":true,"href":"https:\/\/agora.xtec.cat\/inscomasisola\/wp-json\/wp\/v2\/categories?post=19243"},{"taxonomy":"post_tag","embeddable":true,"href":"https:\/\/agora.xtec.cat\/inscomasisola\/wp-json\/wp\/v2\/tags?post=19243"}],"curies":[{"name":"wp","href":"https:\/\/api.w.org\/{rel}","templated":true}]}}