{"id":19222,"date":"2020-12-18T16:00:31","date_gmt":"2020-12-18T15:00:31","guid":{"rendered":"http:\/\/agora.xtec.cat\/inscomasisola\/?p=19222"},"modified":"2020-12-18T16:25:46","modified_gmt":"2020-12-18T15:25:46","slug":"museu-maritim-de-barcelona","status":"publish","type":"post","link":"https:\/\/agora.xtec.cat\/inscomasisola\/portada\/museu-maritim-de-barcelona\/","title":{"rendered":"Museu Mar\u00edtim de Barcelona"},"content":{"rendered":"<p><span style=\"font-weight: 400;\">Amb alumnes de l&#8217;Aula d&#8217;Acollida hem fet una sortida al museu mar\u00edtim on ens han parlat del port i la seva gesti\u00f3, des del seus inicis en \u00e8poca romana fins avui. El comer\u00e7 mar\u00edtim \u00e9s un sector econ\u00f2mic important per la ciutat. La log\u00edstica per a la distribuci\u00f3 dels articles que arriben en vaixell est\u00e0 en constant evoluci\u00f3, adaptant les noves tecnologies per fer-la m\u00e9s efectiva.<\/span><\/p>\n<p><span style=\"font-weight: 400;\">Despr\u00e9s de la xerrada hem fet una sortida pel port gaudint el dia assoleiat i la mar en calma. Ha sigut molt interessant! Aprofiteu per visitar el museu on fan activitats per tota la fam\u00edlia. A m\u00e9s, t\u00e9 un jard\u00ed a l&#8217;aire lliure molt agradable per passar-hi una estona.<\/span><\/p>\n<table style=\"height: 321px; width: 1025px;\" width=\"1327\">\n<tbody>\n<tr>\n<td style=\"width: 396.8px;\"><a href=\"https:\/\/agora.xtec.cat\/inscomasisola\/wp-content\/uploads\/usu1298\/2020\/12\/IMG_20201216_093227-min.jpg\"><img loading=\"lazy\" decoding=\"async\" class=\"aligncenter wp-image-19224\" src=\"https:\/\/agora.xtec.cat\/inscomasisola\/wp-content\/uploads\/usu1298\/2020\/12\/IMG_20201216_093227-min-300x225.jpg\" alt=\"\" width=\"423\" height=\"318\" srcset=\"https:\/\/agora.xtec.cat\/inscomasisola\/wp-content\/uploads\/usu1298\/2020\/12\/IMG_20201216_093227-min-300x225.jpg 300w, https:\/\/agora.xtec.cat\/inscomasisola\/wp-content\/uploads\/usu1298\/2020\/12\/IMG_20201216_093227-min-768x576.jpg 768w, https:\/\/agora.xtec.cat\/inscomasisola\/wp-content\/uploads\/usu1298\/2020\/12\/IMG_20201216_093227-min-1024x768.jpg 1024w, https:\/\/agora.xtec.cat\/inscomasisola\/wp-content\/uploads\/usu1298\/2020\/12\/IMG_20201216_093227-min-200x150.jpg 200w\" sizes=\"auto, (max-width: 423px) 100vw, 423px\" \/><\/a><\/td>\n<td style=\"width: 230.4px;\"><a href=\"https:\/\/agora.xtec.cat\/inscomasisola\/wp-content\/uploads\/usu1298\/2020\/12\/IMG_20201216_120618-min.jpg\"><img loading=\"lazy\" decoding=\"async\" class=\"aligncenter size-medium wp-image-19225\" src=\"https:\/\/agora.xtec.cat\/inscomasisola\/wp-content\/uploads\/usu1298\/2020\/12\/IMG_20201216_120618-min-225x300.jpg\" alt=\"\" width=\"225\" height=\"300\" srcset=\"https:\/\/agora.xtec.cat\/inscomasisola\/wp-content\/uploads\/usu1298\/2020\/12\/IMG_20201216_120618-min-225x300.jpg 225w, https:\/\/agora.xtec.cat\/inscomasisola\/wp-content\/uploads\/usu1298\/2020\/12\/IMG_20201216_120618-min-768x1024.jpg 768w\" sizes=\"auto, (max-width: 225px) 100vw, 225px\" \/><\/a><\/td>\n<td style=\"width: 390.4px;\"><a href=\"https:\/\/agora.xtec.cat\/inscomasisola\/wp-content\/uploads\/usu1298\/2020\/12\/IMG_20201216_120553-min.jpg\"><img loading=\"lazy\" decoding=\"async\" class=\"aligncenter wp-image-19223\" src=\"https:\/\/agora.xtec.cat\/inscomasisola\/wp-content\/uploads\/usu1298\/2020\/12\/IMG_20201216_120553-min-300x225.jpg\" alt=\"\" width=\"420\" height=\"315\" srcset=\"https:\/\/agora.xtec.cat\/inscomasisola\/wp-content\/uploads\/usu1298\/2020\/12\/IMG_20201216_120553-min-300x225.jpg 300w, https:\/\/agora.xtec.cat\/inscomasisola\/wp-content\/uploads\/usu1298\/2020\/12\/IMG_20201216_120553-min-768x576.jpg 768w, https:\/\/agora.xtec.cat\/inscomasisola\/wp-content\/uploads\/usu1298\/2020\/12\/IMG_20201216_120553-min-1024x768.jpg 1024w, https:\/\/agora.xtec.cat\/inscomasisola\/wp-content\/uploads\/usu1298\/2020\/12\/IMG_20201216_120553-min-200x150.jpg 200w\" sizes=\"auto, (max-width: 420px) 100vw, 420px\" \/><\/a><\/td>\n<\/tr>\n<\/tbody>\n<\/table>\n<p>&nbsp;<\/p>\n","protected":false},"excerpt":{"rendered":"<p>Amb alumnes de l&#8217;Aula d&#8217;Acollida hem fet una sortida al museu mar\u00edtim on ens han parlat del port i la seva gesti\u00f3, des del seus inicis en \u00e8poca romana fins avui. El comer\u00e7 mar\u00edtim \u00e9s un sector econ\u00f2mic important per la ciutat. La log\u00edstica per&hellip;  <a href=\"https:\/\/agora.xtec.cat\/inscomasisola\/portada\/museu-maritim-de-barcelona\/\" title=\"Read Museu Mar\u00edtim de Barcelona\">Llegeix m\u00e9s\u00bb<\/a><\/p>\n","protected":false},"author":1,"featured_media":0,"comment_status":"open","ping_status":"closed","sticky":false,"template":"","format":"standard","meta":{"_bbp_topic_count":0,"_bbp_reply_count":0,"_bbp_total_topic_count":0,"_bbp_total_reply_count":0,"_bbp_voice_count":0,"_bbp_anonymous_reply_count":0,"_bbp_topic_count_hidden":0,"_bbp_reply_count_hidden":0,"_bbp_forum_subforum_count":0,"footnotes":""},"categories":[29],"tags":[],"class_list":["post-19222","post","type-post","status-publish","format-standard","hentry","category-portada"],"post_mailing_queue_ids":[],"_links":{"self":[{"href":"https:\/\/agora.xtec.cat\/inscomasisola\/wp-json\/wp\/v2\/posts\/19222","targetHints":{"allow":["GET"]}}],"collection":[{"href":"https:\/\/agora.xtec.cat\/inscomasisola\/wp-json\/wp\/v2\/posts"}],"about":[{"href":"https:\/\/agora.xtec.cat\/inscomasisola\/wp-json\/wp\/v2\/types\/post"}],"author":[{"embeddable":true,"href":"https:\/\/agora.xtec.cat\/inscomasisola\/wp-json\/wp\/v2\/users\/1"}],"replies":[{"embeddable":true,"href":"https:\/\/agora.xtec.cat\/inscomasisola\/wp-json\/wp\/v2\/comments?post=19222"}],"version-history":[{"count":4,"href":"https:\/\/agora.xtec.cat\/inscomasisola\/wp-json\/wp\/v2\/posts\/19222\/revisions"}],"predecessor-version":[{"id":19237,"href":"https:\/\/agora.xtec.cat\/inscomasisola\/wp-json\/wp\/v2\/posts\/19222\/revisions\/19237"}],"wp:attachment":[{"href":"https:\/\/agora.xtec.cat\/inscomasisola\/wp-json\/wp\/v2\/media?parent=19222"}],"wp:term":[{"taxonomy":"category","embeddable":true,"href":"https:\/\/agora.xtec.cat\/inscomasisola\/wp-json\/wp\/v2\/categories?post=19222"},{"taxonomy":"post_tag","embeddable":true,"href":"https:\/\/agora.xtec.cat\/inscomasisola\/wp-json\/wp\/v2\/tags?post=19222"}],"curies":[{"name":"wp","href":"https:\/\/api.w.org\/{rel}","templated":true}]}}