{"id":19196,"date":"2020-12-04T17:07:53","date_gmt":"2020-12-04T16:07:53","guid":{"rendered":"http:\/\/agora.xtec.cat\/inscomasisola\/?p=19196"},"modified":"2020-12-18T15:54:11","modified_gmt":"2020-12-18T14:54:11","slug":"sortida-al-museu-maritim","status":"publish","type":"post","link":"https:\/\/agora.xtec.cat\/inscomasisola\/general\/sortida-al-museu-maritim\/","title":{"rendered":"Sortida al Museu Mar\u00edtim"},"content":{"rendered":"<p style=\"text-align: justify;\">A finals d&#8217;aquest primer trimestre els alumnes i les alumnes de 3r, organitzat pel Departament de Socials, hem anat al centre de Barcelona on hem participat en un taller que consistia en aprendre les proced\u00e8ncies, el transport, la recepci\u00f3 i la log\u00edstica de les mercaderies que arriben al port de Barcelona. Aquesta activitat l\u2019hem realitzat al Museu Mar\u00edtim de Barcelona, situat a les antigues drassanes reials de la ciutat.<br \/>\nSeguidament acompanyats per l&#8217;Eduard, el nostre monitor, ens hem dirigit al Port Vell on ens esperava en Pere, el nostre patr\u00f3 amb el seu vaixell, per a navegar i descobrir el port comercial de la ciutat comtal, un dels m\u00e9s importants del sud d\u2019Europa.<\/p>\n<table style=\"height: 586px; width: 989px; border-style: hidden;\">\n<tbody>\n<tr style=\"height: 277px;\">\n<td style=\"width: 236.8px; height: 277px;\"><a href=\"https:\/\/agora.xtec.cat\/inscomasisola\/wp-content\/uploads\/usu1298\/2020\/12\/20201201_110951.jpg\"><img loading=\"lazy\" decoding=\"async\" class=\"aligncenter wp-image-19201 \" src=\"https:\/\/agora.xtec.cat\/inscomasisola\/wp-content\/uploads\/usu1298\/2020\/12\/20201201_110951-e1607097602303-225x300.jpg\" alt=\"\" width=\"185\" height=\"247\" srcset=\"https:\/\/agora.xtec.cat\/inscomasisola\/wp-content\/uploads\/usu1298\/2020\/12\/20201201_110951-e1607097602303-225x300.jpg 225w, https:\/\/agora.xtec.cat\/inscomasisola\/wp-content\/uploads\/usu1298\/2020\/12\/20201201_110951-e1607097602303-768x1024.jpg 768w\" sizes=\"auto, (max-width: 185px) 100vw, 185px\" \/><\/a><\/td>\n<td style=\"width: 362.4px; height: 277px;\"><a href=\"https:\/\/agora.xtec.cat\/inscomasisola\/wp-content\/uploads\/usu1298\/2020\/12\/IMG-20201125-WA0006.jpg\"><img loading=\"lazy\" decoding=\"async\" class=\"aligncenter wp-image-19202\" src=\"https:\/\/agora.xtec.cat\/inscomasisola\/wp-content\/uploads\/usu1298\/2020\/12\/IMG-20201125-WA0006-300x225.jpg\" alt=\"\" width=\"333\" height=\"250\" srcset=\"https:\/\/agora.xtec.cat\/inscomasisola\/wp-content\/uploads\/usu1298\/2020\/12\/IMG-20201125-WA0006-300x225.jpg 300w, https:\/\/agora.xtec.cat\/inscomasisola\/wp-content\/uploads\/usu1298\/2020\/12\/IMG-20201125-WA0006-768x576.jpg 768w, https:\/\/agora.xtec.cat\/inscomasisola\/wp-content\/uploads\/usu1298\/2020\/12\/IMG-20201125-WA0006-1024x768.jpg 1024w, https:\/\/agora.xtec.cat\/inscomasisola\/wp-content\/uploads\/usu1298\/2020\/12\/IMG-20201125-WA0006-200x150.jpg 200w, https:\/\/agora.xtec.cat\/inscomasisola\/wp-content\/uploads\/usu1298\/2020\/12\/IMG-20201125-WA0006.jpg 1600w\" sizes=\"auto, (max-width: 333px) 100vw, 333px\" \/><\/a><\/td>\n<td style=\"width: 381.6px; height: 277px;\"><img loading=\"lazy\" decoding=\"async\" class=\"aligncenter wp-image-19199\" style=\"background-color: #ffffff;\" src=\"https:\/\/agora.xtec.cat\/inscomasisola\/wp-content\/uploads\/usu1298\/2020\/12\/20201125_113559-300x225.jpg\" alt=\"\" width=\"334\" height=\"251\" srcset=\"https:\/\/agora.xtec.cat\/inscomasisola\/wp-content\/uploads\/usu1298\/2020\/12\/20201125_113559-300x225.jpg 300w, https:\/\/agora.xtec.cat\/inscomasisola\/wp-content\/uploads\/usu1298\/2020\/12\/20201125_113559-768x576.jpg 768w, https:\/\/agora.xtec.cat\/inscomasisola\/wp-content\/uploads\/usu1298\/2020\/12\/20201125_113559-1024x768.jpg 1024w, https:\/\/agora.xtec.cat\/inscomasisola\/wp-content\/uploads\/usu1298\/2020\/12\/20201125_113559-200x150.jpg 200w\" sizes=\"auto, (max-width: 334px) 100vw, 334px\" \/><\/td>\n<\/tr>\n<tr style=\"height: 321px;\">\n<td style=\"width: 236.8px; height: 309px;\"><a href=\"https:\/\/agora.xtec.cat\/inscomasisola\/wp-content\/uploads\/usu1298\/2020\/12\/20201201_100029.jpg\"><img loading=\"lazy\" decoding=\"async\" class=\"aligncenter wp-image-19200 size-medium\" src=\"https:\/\/agora.xtec.cat\/inscomasisola\/wp-content\/uploads\/usu1298\/2020\/12\/20201201_100029-e1607097647202-225x300.jpg\" alt=\"\" width=\"225\" height=\"300\" srcset=\"https:\/\/agora.xtec.cat\/inscomasisola\/wp-content\/uploads\/usu1298\/2020\/12\/20201201_100029-e1607097647202-225x300.jpg 225w, https:\/\/agora.xtec.cat\/inscomasisola\/wp-content\/uploads\/usu1298\/2020\/12\/20201201_100029-e1607097647202-768x1024.jpg 768w\" sizes=\"auto, (max-width: 225px) 100vw, 225px\" \/><\/a><\/td>\n<td style=\"width: 745.6px; height: 309px;\" colspan=\"2\"><a href=\"https:\/\/agora.xtec.cat\/inscomasisola\/wp-content\/uploads\/usu1298\/2020\/12\/20201201_101032-min.jpg\"><img loading=\"lazy\" decoding=\"async\" class=\"aligncenter wp-image-19203\" src=\"https:\/\/agora.xtec.cat\/inscomasisola\/wp-content\/uploads\/usu1298\/2020\/12\/20201201_101032-min-300x225.jpg\" alt=\"\" width=\"392\" height=\"294\" srcset=\"https:\/\/agora.xtec.cat\/inscomasisola\/wp-content\/uploads\/usu1298\/2020\/12\/20201201_101032-min-300x225.jpg 300w, https:\/\/agora.xtec.cat\/inscomasisola\/wp-content\/uploads\/usu1298\/2020\/12\/20201201_101032-min-768x576.jpg 768w, https:\/\/agora.xtec.cat\/inscomasisola\/wp-content\/uploads\/usu1298\/2020\/12\/20201201_101032-min-1024x768.jpg 1024w, https:\/\/agora.xtec.cat\/inscomasisola\/wp-content\/uploads\/usu1298\/2020\/12\/20201201_101032-min-200x150.jpg 200w\" sizes=\"auto, (max-width: 392px) 100vw, 392px\" \/><\/a><\/td>\n<\/tr>\n<\/tbody>\n<\/table>\n<p>&nbsp;<\/p>\n<p>&nbsp;<\/p>\n","protected":false},"excerpt":{"rendered":"<p>A finals d&#8217;aquest primer trimestre els alumnes i les alumnes de 3r, organitzat pel Departament de Socials, hem anat al centre de Barcelona on hem participat en un taller que consistia en aprendre les proced\u00e8ncies, el transport, la recepci\u00f3 i la log\u00edstica de les mercaderies&hellip;  <a href=\"https:\/\/agora.xtec.cat\/inscomasisola\/general\/sortida-al-museu-maritim\/\" title=\"Read Sortida al Museu Mar\u00edtim\">Llegeix m\u00e9s\u00bb<\/a><\/p>\n","protected":false},"author":1,"featured_media":0,"comment_status":"open","ping_status":"closed","sticky":false,"template":"","format":"standard","meta":{"_bbp_topic_count":0,"_bbp_reply_count":0,"_bbp_total_topic_count":0,"_bbp_total_reply_count":0,"_bbp_voice_count":0,"_bbp_anonymous_reply_count":0,"_bbp_topic_count_hidden":0,"_bbp_reply_count_hidden":0,"_bbp_forum_subforum_count":0,"footnotes":""},"categories":[1,29],"tags":[],"class_list":["post-19196","post","type-post","status-publish","format-standard","hentry","category-general","category-portada"],"post_mailing_queue_ids":[],"_links":{"self":[{"href":"https:\/\/agora.xtec.cat\/inscomasisola\/wp-json\/wp\/v2\/posts\/19196","targetHints":{"allow":["GET"]}}],"collection":[{"href":"https:\/\/agora.xtec.cat\/inscomasisola\/wp-json\/wp\/v2\/posts"}],"about":[{"href":"https:\/\/agora.xtec.cat\/inscomasisola\/wp-json\/wp\/v2\/types\/post"}],"author":[{"embeddable":true,"href":"https:\/\/agora.xtec.cat\/inscomasisola\/wp-json\/wp\/v2\/users\/1"}],"replies":[{"embeddable":true,"href":"https:\/\/agora.xtec.cat\/inscomasisola\/wp-json\/wp\/v2\/comments?post=19196"}],"version-history":[{"count":3,"href":"https:\/\/agora.xtec.cat\/inscomasisola\/wp-json\/wp\/v2\/posts\/19196\/revisions"}],"predecessor-version":[{"id":19220,"href":"https:\/\/agora.xtec.cat\/inscomasisola\/wp-json\/wp\/v2\/posts\/19196\/revisions\/19220"}],"wp:attachment":[{"href":"https:\/\/agora.xtec.cat\/inscomasisola\/wp-json\/wp\/v2\/media?parent=19196"}],"wp:term":[{"taxonomy":"category","embeddable":true,"href":"https:\/\/agora.xtec.cat\/inscomasisola\/wp-json\/wp\/v2\/categories?post=19196"},{"taxonomy":"post_tag","embeddable":true,"href":"https:\/\/agora.xtec.cat\/inscomasisola\/wp-json\/wp\/v2\/tags?post=19196"}],"curies":[{"name":"wp","href":"https:\/\/api.w.org\/{rel}","templated":true}]}}