{"id":19186,"date":"2020-12-03T19:55:21","date_gmt":"2020-12-03T18:55:21","guid":{"rendered":"http:\/\/agora.xtec.cat\/inscomasisola\/?p=19186"},"modified":"2020-12-18T15:54:41","modified_gmt":"2020-12-18T14:54:41","slug":"campanya-embolcalls-reutilitzables-al-comas","status":"publish","type":"post","link":"https:\/\/agora.xtec.cat\/inscomasisola\/general\/campanya-embolcalls-reutilitzables-al-comas\/","title":{"rendered":"Campanya Embolcalls Reutilitzables al Comas"},"content":{"rendered":"<p>Durant l&#8217;\u00faltima setmana, la <strong>Comissi\u00f3 Ambiental Comas Verd<\/strong> ha dut ha terme una campanya de sensibilitzaci\u00f3 per a promoure l&#8217;\u00fas d&#8217;embolcalls reutilitzables. Durant els patis els hem repartit a alumnes i professorat, animant-los a substituir l&#8217;alumini i el pl\u00e0stic per aquests embolcalls.<\/p>\n<p>Paral\u00b7lelament, a les hores de Salut i Medi Ambient hem treballat amb els alumnes de 2n el tema de l&#8217;alimentaci\u00f3 saludable i sostenible. Hem repartit unes receptes saludables que l&#8217;alumnat experimentar\u00e0 a casa amb la fam\u00edlia. Tamb\u00e9 hem fet un estudi comparant la pir\u00e0mide dels aliments amb el qu\u00e8 mengem realment.<\/p>\n<div>\n<table style=\"height: 286px; border-color: #fcfafa; border-style: hidden;\">\n<tbody>\n<tr style=\"height: 255px;\">\n<td style=\"height: 255px; width: 320px;\"><a href=\"https:\/\/agora.xtec.cat\/inscomasisola\/wp-content\/uploads\/usu1298\/2020\/12\/Embolcall-4t-min.jpg\"><img loading=\"lazy\" decoding=\"async\" class=\"wp-image-19187 size-medium\" src=\"https:\/\/agora.xtec.cat\/inscomasisola\/wp-content\/uploads\/usu1298\/2020\/12\/Embolcall-4t-min-300x225.jpg\" alt=\"\" width=\"300\" height=\"225\" srcset=\"https:\/\/agora.xtec.cat\/inscomasisola\/wp-content\/uploads\/usu1298\/2020\/12\/Embolcall-4t-min-300x225.jpg 300w, https:\/\/agora.xtec.cat\/inscomasisola\/wp-content\/uploads\/usu1298\/2020\/12\/Embolcall-4t-min-768x576.jpg 768w, https:\/\/agora.xtec.cat\/inscomasisola\/wp-content\/uploads\/usu1298\/2020\/12\/Embolcall-4t-min-1024x768.jpg 1024w, https:\/\/agora.xtec.cat\/inscomasisola\/wp-content\/uploads\/usu1298\/2020\/12\/Embolcall-4t-min-200x150.jpg 200w\" sizes=\"auto, (max-width: 300px) 100vw, 300px\" \/><\/a><\/td>\n<td style=\"height: 255px; width: 320px;\"><a href=\"https:\/\/agora.xtec.cat\/inscomasisola\/wp-content\/uploads\/usu1298\/2020\/12\/Embolcall-3rC-1-min.jpg\"><img loading=\"lazy\" decoding=\"async\" class=\"wp-image-19190 size-medium\" src=\"https:\/\/agora.xtec.cat\/inscomasisola\/wp-content\/uploads\/usu1298\/2020\/12\/Embolcall-3rC-1-min-300x225.jpg\" alt=\"\" width=\"300\" height=\"225\" srcset=\"https:\/\/agora.xtec.cat\/inscomasisola\/wp-content\/uploads\/usu1298\/2020\/12\/Embolcall-3rC-1-min-300x225.jpg 300w, https:\/\/agora.xtec.cat\/inscomasisola\/wp-content\/uploads\/usu1298\/2020\/12\/Embolcall-3rC-1-min-768x576.jpg 768w, https:\/\/agora.xtec.cat\/inscomasisola\/wp-content\/uploads\/usu1298\/2020\/12\/Embolcall-3rC-1-min-1024x768.jpg 1024w, https:\/\/agora.xtec.cat\/inscomasisola\/wp-content\/uploads\/usu1298\/2020\/12\/Embolcall-3rC-1-min-200x150.jpg 200w\" sizes=\"auto, (max-width: 300px) 100vw, 300px\" \/><\/a><\/td>\n<td style=\"height: 255px; width: 333.6px;\"><a href=\"https:\/\/agora.xtec.cat\/inscomasisola\/wp-content\/uploads\/usu1298\/2020\/12\/20201130_120829-min.jpg\"><img loading=\"lazy\" decoding=\"async\" class=\"size-medium wp-image-19189 alignright\" src=\"https:\/\/agora.xtec.cat\/inscomasisola\/wp-content\/uploads\/usu1298\/2020\/12\/20201130_120829-min-300x225.jpg\" alt=\"\" width=\"300\" height=\"225\" srcset=\"https:\/\/agora.xtec.cat\/inscomasisola\/wp-content\/uploads\/usu1298\/2020\/12\/20201130_120829-min-300x225.jpg 300w, https:\/\/agora.xtec.cat\/inscomasisola\/wp-content\/uploads\/usu1298\/2020\/12\/20201130_120829-min-768x576.jpg 768w, https:\/\/agora.xtec.cat\/inscomasisola\/wp-content\/uploads\/usu1298\/2020\/12\/20201130_120829-min-1024x768.jpg 1024w, https:\/\/agora.xtec.cat\/inscomasisola\/wp-content\/uploads\/usu1298\/2020\/12\/20201130_120829-min-200x150.jpg 200w\" sizes=\"auto, (max-width: 300px) 100vw, 300px\" \/><\/a><\/td>\n<\/tr>\n<tr style=\"height: 31px;\">\n<td style=\"height: 31px; width: 320px;\">Alumnes de 4t A<\/td>\n<td style=\"height: 31px; width: 320px;\">Alumnes de 3r C<\/td>\n<td style=\"height: 31px; width: 333.6px;\"><\/td>\n<\/tr>\n<\/tbody>\n<\/table>\n<\/div>\n<div>\n<p>&nbsp;<\/p>\n<\/div>\n","protected":false},"excerpt":{"rendered":"<p>Durant l&#8217;\u00faltima setmana, la Comissi\u00f3 Ambiental Comas Verd ha dut ha terme una campanya de sensibilitzaci\u00f3 per a promoure l&#8217;\u00fas d&#8217;embolcalls reutilitzables. Durant els patis els hem repartit a alumnes i professorat, animant-los a substituir l&#8217;alumini i el pl\u00e0stic per aquests embolcalls.<br \/>\nParal\u00b7lelament, a les hores&hellip;  <a href=\"https:\/\/agora.xtec.cat\/inscomasisola\/general\/campanya-embolcalls-reutilitzables-al-comas\/\" title=\"Read Campanya Embolcalls Reutilitzables al Comas\">Llegeix m\u00e9s\u00bb<\/a><\/p>\n","protected":false},"author":1,"featured_media":0,"comment_status":"open","ping_status":"closed","sticky":false,"template":"","format":"standard","meta":{"_bbp_topic_count":0,"_bbp_reply_count":0,"_bbp_total_topic_count":0,"_bbp_total_reply_count":0,"_bbp_voice_count":0,"_bbp_anonymous_reply_count":0,"_bbp_topic_count_hidden":0,"_bbp_reply_count_hidden":0,"_bbp_forum_subforum_count":0,"footnotes":""},"categories":[1,29],"tags":[],"class_list":["post-19186","post","type-post","status-publish","format-standard","hentry","category-general","category-portada"],"post_mailing_queue_ids":[],"_links":{"self":[{"href":"https:\/\/agora.xtec.cat\/inscomasisola\/wp-json\/wp\/v2\/posts\/19186","targetHints":{"allow":["GET"]}}],"collection":[{"href":"https:\/\/agora.xtec.cat\/inscomasisola\/wp-json\/wp\/v2\/posts"}],"about":[{"href":"https:\/\/agora.xtec.cat\/inscomasisola\/wp-json\/wp\/v2\/types\/post"}],"author":[{"embeddable":true,"href":"https:\/\/agora.xtec.cat\/inscomasisola\/wp-json\/wp\/v2\/users\/1"}],"replies":[{"embeddable":true,"href":"https:\/\/agora.xtec.cat\/inscomasisola\/wp-json\/wp\/v2\/comments?post=19186"}],"version-history":[{"count":3,"href":"https:\/\/agora.xtec.cat\/inscomasisola\/wp-json\/wp\/v2\/posts\/19186\/revisions"}],"predecessor-version":[{"id":19221,"href":"https:\/\/agora.xtec.cat\/inscomasisola\/wp-json\/wp\/v2\/posts\/19186\/revisions\/19221"}],"wp:attachment":[{"href":"https:\/\/agora.xtec.cat\/inscomasisola\/wp-json\/wp\/v2\/media?parent=19186"}],"wp:term":[{"taxonomy":"category","embeddable":true,"href":"https:\/\/agora.xtec.cat\/inscomasisola\/wp-json\/wp\/v2\/categories?post=19186"},{"taxonomy":"post_tag","embeddable":true,"href":"https:\/\/agora.xtec.cat\/inscomasisola\/wp-json\/wp\/v2\/tags?post=19186"}],"curies":[{"name":"wp","href":"https:\/\/api.w.org\/{rel}","templated":true}]}}