{"id":19175,"date":"2020-11-02T22:01:52","date_gmt":"2020-11-02T21:01:52","guid":{"rendered":"http:\/\/agora.xtec.cat\/inscomasisola\/?p=19175"},"modified":"2020-11-02T22:15:12","modified_gmt":"2020-11-02T21:15:12","slug":"extraiem-ladn-de-les-nostres-cel%e2%80%a2lules","status":"publish","type":"post","link":"https:\/\/agora.xtec.cat\/inscomasisola\/portada\/extraiem-ladn-de-les-nostres-cel%e2%80%a2lules\/","title":{"rendered":"Extraiem l&#8217;ADN de les nostres c\u00e8l\u2022lules!"},"content":{"rendered":"<p>Els alumnes de 4t d&#8217;ESO han fet el segon repte de la setmana de la ci\u00e8ncia proposat per la catedr\u00e0tica Gemma Marfany de la Universitat de Barcelona, especialista en gen\u00e8tica.<\/p>\n<p>En aquest repte han hagut d&#8217;<strong>extreure<\/strong> <strong>l&#8217;ADN de les c\u00e8l\u2022lules que recobreixen l&#8217;interior de la boca<\/strong>. Per a fer-ho nom\u00e9s es necessita aigua amb sal, sab\u00f3, alcohol i una mica de qu\u00edmica! En aquestes fotos podeu veure que ho han aconseguit! Felicitats, esteu fets tots uns cient\u00edfics!<\/p>\n<p><a href=\"https:\/\/agora.xtec.cat\/inscomasisola\/wp-content\/uploads\/usu1298\/2020\/11\/IMG_20201030_110014_517.jpg\"><img loading=\"lazy\" decoding=\"async\" class=\"alignleft wp-image-19178 size-thumbnail\" src=\"https:\/\/agora.xtec.cat\/inscomasisola\/wp-content\/uploads\/usu1298\/2020\/11\/IMG_20201030_110014_517-150x150.jpg\" alt=\"\" width=\"150\" height=\"150\" \/><\/a><a href=\"https:\/\/agora.xtec.cat\/inscomasisola\/wp-content\/uploads\/usu1298\/2020\/11\/IMG_20201030_105827_642.jpg\"><img loading=\"lazy\" decoding=\"async\" class=\"alignleft wp-image-19177 size-thumbnail\" src=\"https:\/\/agora.xtec.cat\/inscomasisola\/wp-content\/uploads\/usu1298\/2020\/11\/IMG_20201030_105827_642-150x150.jpg\" alt=\"\" width=\"150\" height=\"150\" \/><\/a><a href=\"https:\/\/agora.xtec.cat\/inscomasisola\/wp-content\/uploads\/usu1298\/2020\/11\/IMG_20201030_105922_912.jpg\"><img loading=\"lazy\" decoding=\"async\" class=\"alignleft wp-image-19176 size-thumbnail\" src=\"https:\/\/agora.xtec.cat\/inscomasisola\/wp-content\/uploads\/usu1298\/2020\/11\/IMG_20201030_105922_912-150x150.jpg\" alt=\"\" width=\"150\" height=\"150\" \/><\/a><a href=\"https:\/\/agora.xtec.cat\/inscomasisola\/wp-content\/uploads\/usu1298\/2020\/11\/IMG_20201030_105949_898.jpg\"><img loading=\"lazy\" decoding=\"async\" class=\"alignleft wp-image-19179 size-thumbnail\" src=\"https:\/\/agora.xtec.cat\/inscomasisola\/wp-content\/uploads\/usu1298\/2020\/11\/IMG_20201030_105949_898-150x150.jpg\" alt=\"\" width=\"150\" height=\"150\" \/><\/a><\/p>\n","protected":false},"excerpt":{"rendered":"<p>Els alumnes de 4t d&#8217;ESO han fet el segon repte de la setmana de la ci\u00e8ncia proposat per la catedr\u00e0tica Gemma Marfany de la Universitat de Barcelona, especialista en gen\u00e8tica.<br \/>\nEn aquest repte han hagut d&#8217;extreure l&#8217;ADN de les c\u00e8l\u2022lules que recobreixen l&#8217;interior de la boca.&hellip;  <a href=\"https:\/\/agora.xtec.cat\/inscomasisola\/portada\/extraiem-ladn-de-les-nostres-cel%e2%80%a2lules\/\" title=\"Read Extraiem l&#8217;ADN de les nostres c\u00e8l\u2022lules!\">Llegeix m\u00e9s\u00bb<\/a><\/p>\n","protected":false},"author":1,"featured_media":0,"comment_status":"open","ping_status":"closed","sticky":false,"template":"","format":"standard","meta":{"_bbp_topic_count":0,"_bbp_reply_count":0,"_bbp_total_topic_count":0,"_bbp_total_reply_count":0,"_bbp_voice_count":0,"_bbp_anonymous_reply_count":0,"_bbp_topic_count_hidden":0,"_bbp_reply_count_hidden":0,"_bbp_forum_subforum_count":0,"footnotes":""},"categories":[29],"tags":[],"class_list":["post-19175","post","type-post","status-publish","format-standard","hentry","category-portada"],"post_mailing_queue_ids":[],"_links":{"self":[{"href":"https:\/\/agora.xtec.cat\/inscomasisola\/wp-json\/wp\/v2\/posts\/19175","targetHints":{"allow":["GET"]}}],"collection":[{"href":"https:\/\/agora.xtec.cat\/inscomasisola\/wp-json\/wp\/v2\/posts"}],"about":[{"href":"https:\/\/agora.xtec.cat\/inscomasisola\/wp-json\/wp\/v2\/types\/post"}],"author":[{"embeddable":true,"href":"https:\/\/agora.xtec.cat\/inscomasisola\/wp-json\/wp\/v2\/users\/1"}],"replies":[{"embeddable":true,"href":"https:\/\/agora.xtec.cat\/inscomasisola\/wp-json\/wp\/v2\/comments?post=19175"}],"version-history":[{"count":4,"href":"https:\/\/agora.xtec.cat\/inscomasisola\/wp-json\/wp\/v2\/posts\/19175\/revisions"}],"predecessor-version":[{"id":19185,"href":"https:\/\/agora.xtec.cat\/inscomasisola\/wp-json\/wp\/v2\/posts\/19175\/revisions\/19185"}],"wp:attachment":[{"href":"https:\/\/agora.xtec.cat\/inscomasisola\/wp-json\/wp\/v2\/media?parent=19175"}],"wp:term":[{"taxonomy":"category","embeddable":true,"href":"https:\/\/agora.xtec.cat\/inscomasisola\/wp-json\/wp\/v2\/categories?post=19175"},{"taxonomy":"post_tag","embeddable":true,"href":"https:\/\/agora.xtec.cat\/inscomasisola\/wp-json\/wp\/v2\/tags?post=19175"}],"curies":[{"name":"wp","href":"https:\/\/api.w.org\/{rel}","templated":true}]}}