{"id":19137,"date":"2020-09-23T09:38:58","date_gmt":"2020-09-23T07:38:58","guid":{"rendered":"http:\/\/agora.xtec.cat\/inscomasisola\/?p=19137"},"modified":"2020-09-23T09:40:46","modified_gmt":"2020-09-23T07:40:46","slug":"ajuts-per-a-alumnat-amb-discapacitat-o-transtorn-de-conducta","status":"publish","type":"post","link":"https:\/\/agora.xtec.cat\/inscomasisola\/general\/ajuts-per-a-alumnat-amb-discapacitat-o-transtorn-de-conducta\/","title":{"rendered":"Ajuts per a alumnat amb discapacitat o transtorn de conducta"},"content":{"rendered":"<p>Les fam\u00edlies que vulguin solicitar les <strong>Beques MEC<\/strong> per a alumnat amb necessitat espec\u00edfica de suport educatiu han d&#8217;entrar a la seg\u00fcent p\u00e0gina web:<\/p>\n<p><strong><a href=\"https:\/\/web.gencat.cat\/ca\/tramits\/tramits-temes\/358-ajuts-ministerio-NEE?category=bd1b6d64-ca6f-11e5-8c48-005056924a59\">https:\/\/web.gencat.cat\/ca\/tramits\/tramits-temes\/358-ajuts-ministerio-NEE?category=bd1b6d64-ca6f-11e5-8c48-005056924a59<\/a><\/strong><\/p>\n<p>Cal fer la <strong>sol\u00b7licitud via telem\u00e0tica<\/strong>, <strong>imprimir-la<\/strong> i portar-la al centre.<\/p>\n<p>El <span style=\"color: #ff0000;\"><strong>termini<\/strong><\/span> per presentar les sol\u00b7licituds \u00e9s el <strong><span style=\"color: #ff0000;\">30 de setembre de 202<span style=\"color: #000000;\"><span style=\"color: #ff0000;\">0<\/span>.<\/span><\/span><\/strong><\/p>\n<p>Moltes gr\u00e0cies per la vostra col\u00b7laboraci\u00f3.<\/p>\n","protected":false},"excerpt":{"rendered":"<p>Les fam\u00edlies que vulguin solicitar les Beques MEC per a alumnat amb necessitat espec\u00edfica de suport educatiu han d&#8217;entrar a la seg\u00fcent p\u00e0gina web:<br \/>\n<a href=\"https:\/\/web.gencat.cat\/ca\/tramits\/tramits-temes\/358-ajuts-ministerio-NEE?category=bd1b6d64-ca6f-11e5-8c48-005056924a59\">https:\/\/web.gencat.cat\/ca\/tramits\/tramits-temes\/358-ajuts-ministerio-NEE?category=bd1b6d64-ca6f-11e5-8c48-005056924a59<\/a><br \/>\nCal fer la sol\u00b7licitud via telem\u00e0tica, imprimir-la i portar-la al centre.<br \/>\nEl termini per presentar les sol\u00b7licituds \u00e9s el 30 de setembre&hellip;  <a href=\"https:\/\/agora.xtec.cat\/inscomasisola\/general\/ajuts-per-a-alumnat-amb-discapacitat-o-transtorn-de-conducta\/\" title=\"Read Ajuts per a alumnat amb discapacitat o transtorn de conducta\">Llegeix m\u00e9s\u00bb<\/a><\/p>\n","protected":false},"author":1,"featured_media":0,"comment_status":"open","ping_status":"closed","sticky":false,"template":"","format":"standard","meta":{"_bbp_topic_count":0,"_bbp_reply_count":0,"_bbp_total_topic_count":0,"_bbp_total_reply_count":0,"_bbp_voice_count":0,"_bbp_anonymous_reply_count":0,"_bbp_topic_count_hidden":0,"_bbp_reply_count_hidden":0,"_bbp_forum_subforum_count":0,"footnotes":""},"categories":[1,29],"tags":[],"class_list":["post-19137","post","type-post","status-publish","format-standard","hentry","category-general","category-portada"],"post_mailing_queue_ids":[],"_links":{"self":[{"href":"https:\/\/agora.xtec.cat\/inscomasisola\/wp-json\/wp\/v2\/posts\/19137","targetHints":{"allow":["GET"]}}],"collection":[{"href":"https:\/\/agora.xtec.cat\/inscomasisola\/wp-json\/wp\/v2\/posts"}],"about":[{"href":"https:\/\/agora.xtec.cat\/inscomasisola\/wp-json\/wp\/v2\/types\/post"}],"author":[{"embeddable":true,"href":"https:\/\/agora.xtec.cat\/inscomasisola\/wp-json\/wp\/v2\/users\/1"}],"replies":[{"embeddable":true,"href":"https:\/\/agora.xtec.cat\/inscomasisola\/wp-json\/wp\/v2\/comments?post=19137"}],"version-history":[{"count":2,"href":"https:\/\/agora.xtec.cat\/inscomasisola\/wp-json\/wp\/v2\/posts\/19137\/revisions"}],"predecessor-version":[{"id":19139,"href":"https:\/\/agora.xtec.cat\/inscomasisola\/wp-json\/wp\/v2\/posts\/19137\/revisions\/19139"}],"wp:attachment":[{"href":"https:\/\/agora.xtec.cat\/inscomasisola\/wp-json\/wp\/v2\/media?parent=19137"}],"wp:term":[{"taxonomy":"category","embeddable":true,"href":"https:\/\/agora.xtec.cat\/inscomasisola\/wp-json\/wp\/v2\/categories?post=19137"},{"taxonomy":"post_tag","embeddable":true,"href":"https:\/\/agora.xtec.cat\/inscomasisola\/wp-json\/wp\/v2\/tags?post=19137"}],"curies":[{"name":"wp","href":"https:\/\/api.w.org\/{rel}","templated":true}]}}