{"id":19083,"date":"2020-06-05T18:19:56","date_gmt":"2020-06-05T16:19:56","guid":{"rendered":"http:\/\/agora.xtec.cat\/inscomasisola\/?p=19083"},"modified":"2020-06-05T18:23:00","modified_gmt":"2020-06-05T16:23:00","slug":"ens-tornem-a-veure","status":"publish","type":"post","link":"https:\/\/agora.xtec.cat\/inscomasisola\/general\/ens-tornem-a-veure\/","title":{"rendered":"ENS TORNEM A VEURE!"},"content":{"rendered":"<p>ENS TORNEM A VEURE! per\u00f2 amb totes les mesures de protecci\u00f3 i seguretat.<\/p>\n<p>El centre reobre les portes coincidint amb l\u2019entrada en fase 2, i volem compartir el nostre\u00a0<a href=\"https:\/\/drive.google.com\/file\/d\/14RL5L9nUPgspr-PY0QEHsl2O2PGYpoF6\/view?usp=sharing\" target=\"_blank\" rel=\"noopener noreferrer\">Pla d&#8217;obertura de juny<\/a>.<\/p>\n<p>Recordem als alumnes i a les fam\u00edlies que:<\/p>\n<ul>\n<li>L\u2019alumnat pot\u00a0 venir nom\u00e9s a l\u2019hora que l\u2019hagi convocat el seu tutor o tutora, i ha de portar obligat\u00f2riament la declaraci\u00f3 responsable signada per la seva fam\u00edlia. Si voleu demanar una cita, ho podeu fer a trav\u00e9s del q\u00fcestionari que us hem enviat.<\/li>\n<li>Tr\u00e0mits de secretaria: s\u2019intentaran\u00a0fer per tel\u00e8fon, En cas que sigui necessari fer algun tr\u00e0mit de forma presencial,\u00a0 cal demanar cita pr\u00e8via al tf del centre (93 346 13 15\u00a0 de 10:00 a 13:00) o al correu electr\u00f2nic (<a href=\"mailto:a8052761@xtec.cat\" target=\"_blank\" rel=\"noopener noreferrer\">a8052761@xtec.cat<\/a>)<\/li>\n<\/ul>\n","protected":false},"excerpt":{"rendered":"<p>ENS TORNEM A VEURE! per\u00f2 amb totes les mesures de protecci\u00f3 i seguretat.El centre reobre les portes coincidint amb l\u2019entrada en fase 2, i volem compartir el nostre\u00a0Pla d&#8217;obertura de juny.&hellip;  <a href=\"https:\/\/agora.xtec.cat\/inscomasisola\/general\/ens-tornem-a-veure\/\" title=\"Read ENS TORNEM A VEURE!\">Llegeix m\u00e9s\u00bb<\/a><\/p>\n","protected":false},"author":1,"featured_media":0,"comment_status":"open","ping_status":"closed","sticky":false,"template":"","format":"standard","meta":{"_bbp_topic_count":0,"_bbp_reply_count":0,"_bbp_total_topic_count":0,"_bbp_total_reply_count":0,"_bbp_voice_count":0,"_bbp_anonymous_reply_count":0,"_bbp_topic_count_hidden":0,"_bbp_reply_count_hidden":0,"_bbp_forum_subforum_count":0,"footnotes":""},"categories":[3,1,29],"tags":[],"class_list":["post-19083","post","type-post","status-publish","format-standard","hentry","category-eso","category-general","category-portada"],"post_mailing_queue_ids":[],"_links":{"self":[{"href":"https:\/\/agora.xtec.cat\/inscomasisola\/wp-json\/wp\/v2\/posts\/19083","targetHints":{"allow":["GET"]}}],"collection":[{"href":"https:\/\/agora.xtec.cat\/inscomasisola\/wp-json\/wp\/v2\/posts"}],"about":[{"href":"https:\/\/agora.xtec.cat\/inscomasisola\/wp-json\/wp\/v2\/types\/post"}],"author":[{"embeddable":true,"href":"https:\/\/agora.xtec.cat\/inscomasisola\/wp-json\/wp\/v2\/users\/1"}],"replies":[{"embeddable":true,"href":"https:\/\/agora.xtec.cat\/inscomasisola\/wp-json\/wp\/v2\/comments?post=19083"}],"version-history":[{"count":1,"href":"https:\/\/agora.xtec.cat\/inscomasisola\/wp-json\/wp\/v2\/posts\/19083\/revisions"}],"predecessor-version":[{"id":19084,"href":"https:\/\/agora.xtec.cat\/inscomasisola\/wp-json\/wp\/v2\/posts\/19083\/revisions\/19084"}],"wp:attachment":[{"href":"https:\/\/agora.xtec.cat\/inscomasisola\/wp-json\/wp\/v2\/media?parent=19083"}],"wp:term":[{"taxonomy":"category","embeddable":true,"href":"https:\/\/agora.xtec.cat\/inscomasisola\/wp-json\/wp\/v2\/categories?post=19083"},{"taxonomy":"post_tag","embeddable":true,"href":"https:\/\/agora.xtec.cat\/inscomasisola\/wp-json\/wp\/v2\/tags?post=19083"}],"curies":[{"name":"wp","href":"https:\/\/api.w.org\/{rel}","templated":true}]}}