{"id":19072,"date":"2020-05-19T12:49:26","date_gmt":"2020-05-19T10:49:26","guid":{"rendered":"http:\/\/agora.xtec.cat\/inscomasisola\/?p=19072"},"modified":"2020-05-19T12:49:53","modified_gmt":"2020-05-19T10:49:53","slug":"informacio-proces-de-preinscripcio-a-ensenyaments-postobligatoris","status":"publish","type":"post","link":"https:\/\/agora.xtec.cat\/inscomasisola\/general\/informacio-proces-de-preinscripcio-a-ensenyaments-postobligatoris\/","title":{"rendered":"Informaci\u00f3 proc\u00e9s de preinscripci\u00f3 a ensenyaments Postobligatoris."},"content":{"rendered":"<p>Benvolguda fam\u00edlia,<\/p>\n<p>Sabem que estem vivint uns moments complexos. Des del tancament dels centres educatius, les administracions i professionals de l\u2019educaci\u00f3 continuem treballant incansablement per acompanyar-vos, donar resposta a aquesta situaci\u00f3 excepcional i preparar-nos per recuperar un ritme de normalitat tan aviat com les condicions ho facin possible.<\/p>\n<p>\u00c9s per aix\u00f2 que us demanem la vostra atenci\u00f3, perqu\u00e8 aquest \u00e9s tamb\u00e9 un moment important per al vostre fill o filla que est\u00e0 <strong>a punt d\u2019acabar 4t d\u2019ESO<\/strong> i les fam\u00edlies us heu de preparar per a la <strong>preinscripci\u00f3 als ensenyaments postobligatoris<\/strong> <strong>que tindr\u00e0 lloc a partir del 27 de maig<\/strong>.<\/p>\n<ul>\n<li><strong>Us adjuntem una carta-fullet\u00f3<\/strong> signada per Josep Gonz\u00e0lez-Cambray i Joan Subirats, President i Vicepresident del Consorci d\u2019Educaci\u00f3 de Barcelona, amb la informaci\u00f3 rellevant actualment disponible (calendari, orientacions de l\u2019oferta educativa&#8230;) perqu\u00e8 pugueu decidir sobre com continuar la propera etapa formativa.<\/li>\n<\/ul>\n<p><a href=\"https:\/\/drive.google.com\/file\/d\/1CFfsxHq1bkhYezMEkIhQ30MuKPSt4eJj\/view?usp=sharing\" target=\"_blank\" rel=\"noopener noreferrer\">Informaci\u00f3 preinscripci\u00f3 ensenyaments postobligatoris<\/a><\/p>\n<ul>\n<li><strong>Us demanem que us mantingueu connectats a\u00a0<a href=\"https:\/\/www.edubcn.cat\/ca\/alumnat_i_familia\/informacio_general_matriculacio\/preinscripcio_i_matricula_posobligatoris\">Edubcn.cat<\/a><\/strong> ontrobareu tota la informaci\u00f3 actualitzada. Com sabeu, el Sal\u00f3 de l\u2019Ensenyament (previst el mar\u00e7) es va suspendre i tota la informaci\u00f3 de l\u2019oferta educativa la trobareu a trav\u00e9s d\u2019Internet a les p\u00e0gines web dels centres educatius, aix\u00ed com a la del propi Consorci d\u2019Educaci\u00f3.<\/li>\n<\/ul>\n<p>\u00c9s important que tingueu present <strong>totes les possibilitats formatives que s\u2019obren<\/strong> <strong>despr\u00e9s de l\u2019ESO, perqu\u00e8 totes s\u00f3n opcions de futur<\/strong>. Cada any millorem l\u2019oferta formativa per adequar-la a la diversitat de perfils i situacions (com els nous formats de batxillerats professionals, en 3 anys&#8230;, els nous cicles o les passarel\u00b7les PFI) perqu\u00e8 tothom pugui seguir avan\u00e7ant.<\/p>\n<p>La solidaritat i la cooperaci\u00f3 de tothom -professionals, fam\u00edlies i alumnat- ens ajudar\u00e0 a superar aquesta situaci\u00f3. Desitgem que passeu aquests dies de la millor manera possible i que ens tornem a veure ben aviat en els centres educatius.<\/p>\n<p>Rebeu una cordial salutaci\u00f3,<\/p>\n<p>Equip INS Josep Comas i Sol\u00e0<\/p>\n","protected":false},"excerpt":{"rendered":"<p>Benvolguda fam\u00edlia,<br \/>\nSabem que estem vivint uns moments complexos. Des del tancament dels centres educatius, les administracions i professionals de l\u2019educaci\u00f3 continuem treballant incansablement per acompanyar-vos, donar resposta a aquesta situaci\u00f3 excepcional i preparar-nos per recuperar un ritme de normalitat tan aviat com les condicions ho&hellip;  <a href=\"https:\/\/agora.xtec.cat\/inscomasisola\/general\/informacio-proces-de-preinscripcio-a-ensenyaments-postobligatoris\/\" title=\"Read Informaci\u00f3 proc\u00e9s de preinscripci\u00f3 a ensenyaments Postobligatoris.\">Llegeix m\u00e9s\u00bb<\/a><\/p>\n","protected":false},"author":1,"featured_media":0,"comment_status":"open","ping_status":"closed","sticky":false,"template":"","format":"standard","meta":{"_bbp_topic_count":0,"_bbp_reply_count":0,"_bbp_total_topic_count":0,"_bbp_total_reply_count":0,"_bbp_voice_count":0,"_bbp_anonymous_reply_count":0,"_bbp_topic_count_hidden":0,"_bbp_reply_count_hidden":0,"_bbp_forum_subforum_count":0,"footnotes":""},"categories":[1,29],"tags":[],"class_list":["post-19072","post","type-post","status-publish","format-standard","hentry","category-general","category-portada"],"post_mailing_queue_ids":[],"_links":{"self":[{"href":"https:\/\/agora.xtec.cat\/inscomasisola\/wp-json\/wp\/v2\/posts\/19072","targetHints":{"allow":["GET"]}}],"collection":[{"href":"https:\/\/agora.xtec.cat\/inscomasisola\/wp-json\/wp\/v2\/posts"}],"about":[{"href":"https:\/\/agora.xtec.cat\/inscomasisola\/wp-json\/wp\/v2\/types\/post"}],"author":[{"embeddable":true,"href":"https:\/\/agora.xtec.cat\/inscomasisola\/wp-json\/wp\/v2\/users\/1"}],"replies":[{"embeddable":true,"href":"https:\/\/agora.xtec.cat\/inscomasisola\/wp-json\/wp\/v2\/comments?post=19072"}],"version-history":[{"count":1,"href":"https:\/\/agora.xtec.cat\/inscomasisola\/wp-json\/wp\/v2\/posts\/19072\/revisions"}],"predecessor-version":[{"id":19073,"href":"https:\/\/agora.xtec.cat\/inscomasisola\/wp-json\/wp\/v2\/posts\/19072\/revisions\/19073"}],"wp:attachment":[{"href":"https:\/\/agora.xtec.cat\/inscomasisola\/wp-json\/wp\/v2\/media?parent=19072"}],"wp:term":[{"taxonomy":"category","embeddable":true,"href":"https:\/\/agora.xtec.cat\/inscomasisola\/wp-json\/wp\/v2\/categories?post=19072"},{"taxonomy":"post_tag","embeddable":true,"href":"https:\/\/agora.xtec.cat\/inscomasisola\/wp-json\/wp\/v2\/tags?post=19072"}],"curies":[{"name":"wp","href":"https:\/\/api.w.org\/{rel}","templated":true}]}}