{"id":19067,"date":"2020-05-18T11:57:58","date_gmt":"2020-05-18T09:57:58","guid":{"rendered":"http:\/\/agora.xtec.cat\/inscomasisola\/?p=19067"},"modified":"2020-05-19T12:51:01","modified_gmt":"2020-05-19T10:51:01","slug":"comunicat-sobre-el-nou-institut-escola-rec-comtal","status":"publish","type":"post","link":"https:\/\/agora.xtec.cat\/inscomasisola\/general\/comunicat-sobre-el-nou-institut-escola-rec-comtal\/","title":{"rendered":"Comunicat sobre el nou Institut Escola Rec Comtal"},"content":{"rendered":"<p><a href=\"https:\/\/agora.xtec.cat\/inscomasisola\/wp-content\/uploads\/usu1298\/2020\/05\/logo-rec-comtal.jpg\"><img loading=\"lazy\" decoding=\"async\" class=\"alignleft wp-image-19069 size-thumbnail\" src=\"https:\/\/agora.xtec.cat\/inscomasisola\/wp-content\/uploads\/usu1298\/2020\/05\/logo-rec-comtal-150x150.jpg\" alt=\"\" width=\"150\" height=\"150\" srcset=\"https:\/\/agora.xtec.cat\/inscomasisola\/wp-content\/uploads\/usu1298\/2020\/05\/logo-rec-comtal-150x150.jpg 150w, https:\/\/agora.xtec.cat\/inscomasisola\/wp-content\/uploads\/usu1298\/2020\/05\/logo-rec-comtal-300x300.jpg 300w, https:\/\/agora.xtec.cat\/inscomasisola\/wp-content\/uploads\/usu1298\/2020\/05\/logo-rec-comtal.jpg 400w\" sizes=\"auto, (max-width: 150px) 100vw, 150px\" \/><\/a>En el seg\u00fcent enlla\u00e7 trobareu el comunicat conjunt dels tres centres p\u00fablics del barri de la Trinitat Vella: Escola Ramon y Cajal, Escola Ramon Berenguer III i Institut Josep\u00a0<span style=\"font-family: inherit; font-size: 1em;\">\u00a0Comas i Sol\u00e0, sobre el projecte d&#8217;Institut Escola Rec Comtal.<\/span><\/p>\n<p><a href=\"https:\/\/drive.google.com\/file\/d\/1RMPpV_adFr2UcuglK2SWNdeuioTFbgMP\/view?usp=sharing\" target=\"_blank\" rel=\"noopener noreferrer\">Comunicat conjunt dels tres centres<\/a><\/p>\n<p>Aix\u00ed mateix us adjuntem les bases del projecte educatiu del nou Institut Escola Rec Comtal.<\/p>\n<p><a href=\"https:\/\/drive.google.com\/file\/d\/1an-oKwSvGb-_s-LGPgSRql-3-t79tSvQ\/view?usp=sharing\" target=\"_blank\" rel=\"noopener noreferrer\">Bases del projecte educatiu de l&#8217;Institut Escola Rec Comtal<\/a><\/p>\n","protected":false},"excerpt":{"rendered":"<p><a href=\"https:\/\/agora.xtec.cat\/inscomasisola\/wp-content\/uploads\/usu1298\/2020\/05\/logo-rec-comtal.jpg\"><\/a>En el seg\u00fcent enlla\u00e7 trobareu el comunicat conjunt dels tres centres p\u00fablics del barri de la Trinitat Vella: Escola Ramon y Cajal, Escola Ramon Berenguer III i Institut Josep\u00a0\u00a0Comas i Sol\u00e0, sobre el projecte d&#8217;Institut Escola Rec Comtal.<br \/>\n<a href=\"https:\/\/drive.google.com\/file\/d\/1RMPpV_adFr2UcuglK2SWNdeuioTFbgMP\/view?usp=sharing\" target=\"_blank\" rel=\"noopener noreferrer\">Comunicat conjunt dels&hellip;  <a href=\"https:\/\/agora.xtec.cat\/inscomasisola\/general\/comunicat-sobre-el-nou-institut-escola-rec-comtal\/\" title=\"Read Comunicat sobre el nou Institut Escola Rec Comtal\">Llegeix m\u00e9s\u00bb<\/a><\/p>\n","protected":false},"author":1,"featured_media":19069,"comment_status":"open","ping_status":"closed","sticky":false,"template":"","format":"standard","meta":{"_bbp_topic_count":0,"_bbp_reply_count":0,"_bbp_total_topic_count":0,"_bbp_total_reply_count":0,"_bbp_voice_count":0,"_bbp_anonymous_reply_count":0,"_bbp_topic_count_hidden":0,"_bbp_reply_count_hidden":0,"_bbp_forum_subforum_count":0,"footnotes":""},"categories":[1,29,110],"tags":[],"class_list":["post-19067","post","type-post","status-publish","format-standard","has-post-thumbnail","hentry","category-general","category-portada","category-portes-obertes"],"post_mailing_queue_ids":[],"_links":{"self":[{"href":"https:\/\/agora.xtec.cat\/inscomasisola\/wp-json\/wp\/v2\/posts\/19067","targetHints":{"allow":["GET"]}}],"collection":[{"href":"https:\/\/agora.xtec.cat\/inscomasisola\/wp-json\/wp\/v2\/posts"}],"about":[{"href":"https:\/\/agora.xtec.cat\/inscomasisola\/wp-json\/wp\/v2\/types\/post"}],"author":[{"embeddable":true,"href":"https:\/\/agora.xtec.cat\/inscomasisola\/wp-json\/wp\/v2\/users\/1"}],"replies":[{"embeddable":true,"href":"https:\/\/agora.xtec.cat\/inscomasisola\/wp-json\/wp\/v2\/comments?post=19067"}],"version-history":[{"count":3,"href":"https:\/\/agora.xtec.cat\/inscomasisola\/wp-json\/wp\/v2\/posts\/19067\/revisions"}],"predecessor-version":[{"id":19071,"href":"https:\/\/agora.xtec.cat\/inscomasisola\/wp-json\/wp\/v2\/posts\/19067\/revisions\/19071"}],"wp:featuredmedia":[{"embeddable":true,"href":"https:\/\/agora.xtec.cat\/inscomasisola\/wp-json\/wp\/v2\/media\/19069"}],"wp:attachment":[{"href":"https:\/\/agora.xtec.cat\/inscomasisola\/wp-json\/wp\/v2\/media?parent=19067"}],"wp:term":[{"taxonomy":"category","embeddable":true,"href":"https:\/\/agora.xtec.cat\/inscomasisola\/wp-json\/wp\/v2\/categories?post=19067"},{"taxonomy":"post_tag","embeddable":true,"href":"https:\/\/agora.xtec.cat\/inscomasisola\/wp-json\/wp\/v2\/tags?post=19067"}],"curies":[{"name":"wp","href":"https:\/\/api.w.org\/{rel}","templated":true}]}}