{"id":17706,"date":"2020-02-07T21:18:00","date_gmt":"2020-02-07T20:18:00","guid":{"rendered":"http:\/\/agora.xtec.cat\/inscomasisola\/?p=17706"},"modified":"2020-02-08T10:33:48","modified_gmt":"2020-02-08T09:33:48","slug":"davant-la-discriminacio-tolerancia-0","status":"publish","type":"post","link":"https:\/\/agora.xtec.cat\/inscomasisola\/mediacio\/davant-la-discriminacio-tolerancia-0\/","title":{"rendered":"Davant la discriminaci\u00f3, toler\u00e0ncia 0"},"content":{"rendered":"<p><a href=\"https:\/\/agora.xtec.cat\/inscomasisola\/wp-content\/uploads\/usu1298\/2020\/02\/thumbnail_image0.jpg\"><img loading=\"lazy\" decoding=\"async\" class=\"alignnone size-large wp-image-17708\" src=\"https:\/\/agora.xtec.cat\/inscomasisola\/wp-content\/uploads\/usu1298\/2020\/02\/thumbnail_image0-1024x757.jpg\" alt=\"\" width=\"1024\" height=\"757\" srcset=\"https:\/\/agora.xtec.cat\/inscomasisola\/wp-content\/uploads\/usu1298\/2020\/02\/thumbnail_image0-1024x757.jpg 1024w, https:\/\/agora.xtec.cat\/inscomasisola\/wp-content\/uploads\/usu1298\/2020\/02\/thumbnail_image0-300x222.jpg 300w, https:\/\/agora.xtec.cat\/inscomasisola\/wp-content\/uploads\/usu1298\/2020\/02\/thumbnail_image0-768x568.jpg 768w, https:\/\/agora.xtec.cat\/inscomasisola\/wp-content\/uploads\/usu1298\/2020\/02\/thumbnail_image0.jpg 1227w\" sizes=\"auto, (max-width: 1024px) 100vw, 1024px\" \/><\/a><\/p>\n<p>Els drets humans moderns es van signar a la <strong>Declaraci\u00f3 Universal dels Drets Humans<\/strong> on van ser resumits en 30 articles per l\u2019Assemblea General de les Nacions Unides l\u2019any 1948\u00a0 L\u2019objectiu era que els pobles i les nacions sotasignats en garantissin l\u2019aplicaci\u00f3 i, al llarg del temps, s\u2019han adaptat a tractats internacionals i lleis locals.<\/p>\n<p><strong>Article 2<\/strong><br \/>\nTothom t\u00e9 tots els drets i llibertats proclamats en aquesta Declaraci\u00f3, sense cap distinci\u00f3 de ra\u00e7a,color, sexe, llengua, religi\u00f3, opini\u00f3 pol\u00edtica o de qualsevol altra mena, origen nacional o social,fortuna, naixement o altra condici\u00f3.<\/p>\n","protected":false},"excerpt":{"rendered":"<p><a href=\"https:\/\/agora.xtec.cat\/inscomasisola\/wp-content\/uploads\/usu1298\/2020\/02\/thumbnail_image0.jpg\"><\/a><br \/>\nEls drets humans moderns es van signar a la Declaraci\u00f3 Universal dels Drets Humans on van ser resumits en 30 articles per l\u2019Assemblea General de les Nacions Unides l\u2019any 1948\u00a0 L\u2019objectiu era que els pobles i les nacions sotasignats en garantissin l\u2019aplicaci\u00f3 i, al&hellip;  <a href=\"https:\/\/agora.xtec.cat\/inscomasisola\/mediacio\/davant-la-discriminacio-tolerancia-0\/\" title=\"Read Davant la discriminaci\u00f3, toler\u00e0ncia 0\">Llegeix m\u00e9s\u00bb<\/a><\/p>\n","protected":false},"author":3,"featured_media":0,"comment_status":"open","ping_status":"closed","sticky":false,"template":"","format":"standard","meta":{"_bbp_topic_count":0,"_bbp_reply_count":0,"_bbp_total_topic_count":0,"_bbp_total_reply_count":0,"_bbp_voice_count":0,"_bbp_anonymous_reply_count":0,"_bbp_topic_count_hidden":0,"_bbp_reply_count_hidden":0,"_bbp_forum_subforum_count":0,"footnotes":""},"categories":[69],"tags":[],"class_list":["post-17706","post","type-post","status-publish","format-standard","hentry","category-mediacio"],"post_mailing_queue_ids":[],"_links":{"self":[{"href":"https:\/\/agora.xtec.cat\/inscomasisola\/wp-json\/wp\/v2\/posts\/17706","targetHints":{"allow":["GET"]}}],"collection":[{"href":"https:\/\/agora.xtec.cat\/inscomasisola\/wp-json\/wp\/v2\/posts"}],"about":[{"href":"https:\/\/agora.xtec.cat\/inscomasisola\/wp-json\/wp\/v2\/types\/post"}],"author":[{"embeddable":true,"href":"https:\/\/agora.xtec.cat\/inscomasisola\/wp-json\/wp\/v2\/users\/3"}],"replies":[{"embeddable":true,"href":"https:\/\/agora.xtec.cat\/inscomasisola\/wp-json\/wp\/v2\/comments?post=17706"}],"version-history":[{"count":3,"href":"https:\/\/agora.xtec.cat\/inscomasisola\/wp-json\/wp\/v2\/posts\/17706\/revisions"}],"predecessor-version":[{"id":17710,"href":"https:\/\/agora.xtec.cat\/inscomasisola\/wp-json\/wp\/v2\/posts\/17706\/revisions\/17710"}],"wp:attachment":[{"href":"https:\/\/agora.xtec.cat\/inscomasisola\/wp-json\/wp\/v2\/media?parent=17706"}],"wp:term":[{"taxonomy":"category","embeddable":true,"href":"https:\/\/agora.xtec.cat\/inscomasisola\/wp-json\/wp\/v2\/categories?post=17706"},{"taxonomy":"post_tag","embeddable":true,"href":"https:\/\/agora.xtec.cat\/inscomasisola\/wp-json\/wp\/v2\/tags?post=17706"}],"curies":[{"name":"wp","href":"https:\/\/api.w.org\/{rel}","templated":true}]}}