{"id":17670,"date":"2019-12-19T12:33:41","date_gmt":"2019-12-19T11:33:41","guid":{"rendered":"http:\/\/agora.xtec.cat\/inscomasisola\/?p=17670"},"modified":"2020-02-04T12:52:07","modified_gmt":"2020-02-04T11:52:07","slug":"el-projecte-digualtat-de-genere-del-comas-a-btv","status":"publish","type":"post","link":"https:\/\/agora.xtec.cat\/inscomasisola\/general\/el-projecte-digualtat-de-genere-del-comas-a-btv\/","title":{"rendered":"El projecte d&#8217;igualtat de g\u00e8nere del Comas a BTV"},"content":{"rendered":"<p>Els alumnes de 4t d&#8217;ESO de l&#8217;Institut Josep Comas i Sol\u00e0 van fer una trobada amb alumnes de l&#8217;Institut Emperador Carles de Barcelona,\u00a0 per compartir les seves experi\u00e8ncies en projectes d&#8217;igualtat de g\u00e8nere.<\/p>\n<p>Des de fa ja 4 anys el nostre institut ha desenvolupat un projecte de sensibilitzaci\u00f3 a la ciutat sobre aquest tema i enguany la nostra experi\u00e8ncia s&#8217;ha est\u00e8s a un altre centre de Barcelona, l&#8217;Institut Emperador Carles.<\/p>\n<p>A la trobada vam fer diverses din\u00e0miques per compartir les nostres experi\u00e8ncies i vam visionar el productes audiovisuals creats pels dos centres.<\/p>\n<p>La cadena de televisi\u00f3 BTV, tamb\u00e9 va assistir a la trobada i van publicar la seg\u00fcent not\u00edcia sobre el tema.<\/p>\n<p><iframe loading=\"lazy\" src=\"https:\/\/cdnapisec.kaltura.com\/p\/2346171\/sp\/234617100\/embedIframeJs\/uiconf_id\/42600891\/partner_id\/2346171?iframeembed=true&amp;playerId=0_ypg4rm0r&amp;entry_id=0_ypg4rm0r&amp;flashvars[streamerType]=auto\" width=\"940\" height=\"529\" frameborder=\"0\" allowfullscreen=\"allowfullscreen\"><\/iframe><\/p>\n","protected":false},"excerpt":{"rendered":"<p>Els alumnes de 4t d&#8217;ESO de l&#8217;Institut Josep Comas i Sol\u00e0 van fer una trobada amb alumnes de l&#8217;Institut Emperador Carles de Barcelona,\u00a0 per compartir les seves experi\u00e8ncies en projectes d&#8217;igualtat de g\u00e8nere.<br \/>\nDes de fa ja 4 anys el nostre institut ha desenvolupat un projecte&hellip;  <a href=\"https:\/\/agora.xtec.cat\/inscomasisola\/general\/el-projecte-digualtat-de-genere-del-comas-a-btv\/\" title=\"Read El projecte d&#8217;igualtat de g\u00e8nere del Comas a BTV\">Llegeix m\u00e9s\u00bb<\/a><\/p>\n","protected":false},"author":1,"featured_media":17674,"comment_status":"open","ping_status":"closed","sticky":false,"template":"","format":"standard","meta":{"_bbp_topic_count":0,"_bbp_reply_count":0,"_bbp_total_topic_count":0,"_bbp_total_reply_count":0,"_bbp_voice_count":0,"_bbp_anonymous_reply_count":0,"_bbp_topic_count_hidden":0,"_bbp_reply_count_hidden":0,"_bbp_forum_subforum_count":0,"footnotes":""},"categories":[114,3,1,29],"tags":[],"class_list":["post-17670","post","type-post","status-publish","format-standard","has-post-thumbnail","hentry","category-aps","category-eso","category-general","category-portada"],"post_mailing_queue_ids":[],"_links":{"self":[{"href":"https:\/\/agora.xtec.cat\/inscomasisola\/wp-json\/wp\/v2\/posts\/17670","targetHints":{"allow":["GET"]}}],"collection":[{"href":"https:\/\/agora.xtec.cat\/inscomasisola\/wp-json\/wp\/v2\/posts"}],"about":[{"href":"https:\/\/agora.xtec.cat\/inscomasisola\/wp-json\/wp\/v2\/types\/post"}],"author":[{"embeddable":true,"href":"https:\/\/agora.xtec.cat\/inscomasisola\/wp-json\/wp\/v2\/users\/1"}],"replies":[{"embeddable":true,"href":"https:\/\/agora.xtec.cat\/inscomasisola\/wp-json\/wp\/v2\/comments?post=17670"}],"version-history":[{"count":3,"href":"https:\/\/agora.xtec.cat\/inscomasisola\/wp-json\/wp\/v2\/posts\/17670\/revisions"}],"predecessor-version":[{"id":17677,"href":"https:\/\/agora.xtec.cat\/inscomasisola\/wp-json\/wp\/v2\/posts\/17670\/revisions\/17677"}],"wp:featuredmedia":[{"embeddable":true,"href":"https:\/\/agora.xtec.cat\/inscomasisola\/wp-json\/wp\/v2\/media\/17674"}],"wp:attachment":[{"href":"https:\/\/agora.xtec.cat\/inscomasisola\/wp-json\/wp\/v2\/media?parent=17670"}],"wp:term":[{"taxonomy":"category","embeddable":true,"href":"https:\/\/agora.xtec.cat\/inscomasisola\/wp-json\/wp\/v2\/categories?post=17670"},{"taxonomy":"post_tag","embeddable":true,"href":"https:\/\/agora.xtec.cat\/inscomasisola\/wp-json\/wp\/v2\/tags?post=17670"}],"curies":[{"name":"wp","href":"https:\/\/api.w.org\/{rel}","templated":true}]}}