{"id":17636,"date":"2020-01-17T11:39:48","date_gmt":"2020-01-17T10:39:48","guid":{"rendered":"http:\/\/agora.xtec.cat\/inscomasisola\/?p=17636"},"modified":"2020-01-17T11:42:12","modified_gmt":"2020-01-17T10:42:12","slug":"laula-oberta-del-comas-grava-a-radio-trinijove","status":"publish","type":"post","link":"https:\/\/agora.xtec.cat\/inscomasisola\/general\/laula-oberta-del-comas-grava-a-radio-trinijove\/","title":{"rendered":"L&#8217;Aula Oberta del Comas grava a R\u00e0dio Trinijove"},"content":{"rendered":"<p>Els alumnes de l&#8217;Aula Oberta \u00a0vam anar a la R\u00e0dio per locutar un c<a href=\"https:\/\/agora.xtec.cat\/inscomasisola\/wp-content\/uploads\/usu1298\/2020\/01\/AO-Radio-Trinijove2.png\"><img loading=\"lazy\" decoding=\"async\" class=\"alignright wp-image-17644 \" src=\"https:\/\/agora.xtec.cat\/inscomasisola\/wp-content\/uploads\/usu1298\/2020\/01\/AO-Radio-Trinijove2-300x237.png\" alt=\"\" width=\"262\" height=\"207\" srcset=\"https:\/\/agora.xtec.cat\/inscomasisola\/wp-content\/uploads\/usu1298\/2020\/01\/AO-Radio-Trinijove2-300x237.png 300w, https:\/\/agora.xtec.cat\/inscomasisola\/wp-content\/uploads\/usu1298\/2020\/01\/AO-Radio-Trinijove2.png 644w\" sizes=\"auto, (max-width: 262px) 100vw, 262px\" \/><\/a>\u00f2mic de la Xarxa BCN Antirumors \u201cBlanca, Rosita, Barcelona. L\u2019arribada d\u2019immigrants a la ciutat\u201d.<\/p>\n<p>&nbsp;<\/p>\n<p>Aquest c\u00f2mic tracta sobre la immigraci\u00f3 a la ciutat i els estereotips i prejudicis de la ciutadania respecte ells. Vam preparar els textos a classe i un dia vam anar a la r\u00e0dio per tal de fer la gravaci\u00f3 del programa. Va ser molt interessant perqu\u00e8 ens van ensenyar les instal\u00b7lacions, l\u2019estudi i els equips de so. Aqu\u00ed teniu el resultat de la nostra feina, esperem que us agradi!<\/p>\n<p>&nbsp;<\/p>\n<p style=\"text-align: center;\"><a href=\"https:\/\/youtu.be\/eaUTA6ZKxow\">Programa de Radio Trinijove<\/a><\/p>\n<p>&nbsp;<\/p>\n","protected":false},"excerpt":{"rendered":"<p>Els alumnes de l&#8217;Aula Oberta \u00a0vam anar a la R\u00e0dio per locutar un c\u00f2mic de la Xarxa BCN Antirumors \u201cBlanca, Rosita, Barcelona. L\u2019arribada d\u2019immigrants a la ciutat\u201d.&hellip;  <a href=\"https:\/\/agora.xtec.cat\/inscomasisola\/general\/laula-oberta-del-comas-grava-a-radio-trinijove\/\" title=\"Read L&#8217;Aula Oberta del Comas grava a R\u00e0dio Trinijove\">Llegeix m\u00e9s\u00bb<\/a><\/p>\n","protected":false},"author":1,"featured_media":17641,"comment_status":"open","ping_status":"closed","sticky":false,"template":"","format":"standard","meta":{"_bbp_topic_count":0,"_bbp_reply_count":0,"_bbp_total_topic_count":0,"_bbp_total_reply_count":0,"_bbp_voice_count":0,"_bbp_anonymous_reply_count":0,"_bbp_topic_count_hidden":0,"_bbp_reply_count_hidden":0,"_bbp_forum_subforum_count":0,"footnotes":""},"categories":[56,1,29],"tags":[],"class_list":["post-17636","post","type-post","status-publish","format-standard","has-post-thumbnail","hentry","category-aula_oberta","category-general","category-portada"],"post_mailing_queue_ids":[],"_links":{"self":[{"href":"https:\/\/agora.xtec.cat\/inscomasisola\/wp-json\/wp\/v2\/posts\/17636","targetHints":{"allow":["GET"]}}],"collection":[{"href":"https:\/\/agora.xtec.cat\/inscomasisola\/wp-json\/wp\/v2\/posts"}],"about":[{"href":"https:\/\/agora.xtec.cat\/inscomasisola\/wp-json\/wp\/v2\/types\/post"}],"author":[{"embeddable":true,"href":"https:\/\/agora.xtec.cat\/inscomasisola\/wp-json\/wp\/v2\/users\/1"}],"replies":[{"embeddable":true,"href":"https:\/\/agora.xtec.cat\/inscomasisola\/wp-json\/wp\/v2\/comments?post=17636"}],"version-history":[{"count":4,"href":"https:\/\/agora.xtec.cat\/inscomasisola\/wp-json\/wp\/v2\/posts\/17636\/revisions"}],"predecessor-version":[{"id":17649,"href":"https:\/\/agora.xtec.cat\/inscomasisola\/wp-json\/wp\/v2\/posts\/17636\/revisions\/17649"}],"wp:featuredmedia":[{"embeddable":true,"href":"https:\/\/agora.xtec.cat\/inscomasisola\/wp-json\/wp\/v2\/media\/17641"}],"wp:attachment":[{"href":"https:\/\/agora.xtec.cat\/inscomasisola\/wp-json\/wp\/v2\/media?parent=17636"}],"wp:term":[{"taxonomy":"category","embeddable":true,"href":"https:\/\/agora.xtec.cat\/inscomasisola\/wp-json\/wp\/v2\/categories?post=17636"},{"taxonomy":"post_tag","embeddable":true,"href":"https:\/\/agora.xtec.cat\/inscomasisola\/wp-json\/wp\/v2\/tags?post=17636"}],"curies":[{"name":"wp","href":"https:\/\/api.w.org\/{rel}","templated":true}]}}