{"id":17634,"date":"2019-12-16T10:37:47","date_gmt":"2019-12-16T09:37:47","guid":{"rendered":"http:\/\/agora.xtec.cat\/inscomasisola\/?p=17634"},"modified":"2019-12-20T10:41:06","modified_gmt":"2019-12-20T09:41:06","slug":"its-storytime-a-ramon-berenguer-iii","status":"publish","type":"post","link":"https:\/\/agora.xtec.cat\/inscomasisola\/eso\/eso-3\/its-storytime-a-ramon-berenguer-iii\/","title":{"rendered":"It&#8217;s Storytime! a Ramon Berenguer III"},"content":{"rendered":"<p>Els alumnes de <b>3r ESO<\/b>\u00a0de l&#8217;optativa\u00a0<b>Storytime\u00a0<\/b>van visitar la classe de 1er de prim\u00e0ria per fer un taller de contacontes. Els alumnes de la Rosa ens van rebre amb la seva can\u00e7\u00f3 de nadal &#8220;Reindeer Hokey Pokey&#8221; i despr\u00e9s els alumnes dels dos centres van compartir la lectura de l&#8217;\u00e0lbum il\u00b7lustrat\u00a0<i><b>You Choose<\/b><\/i>\u00a0de Pippa Goodhart i Nick Sharratt. Ens ho vam passar molt b\u00e9 plegats! Ara toca escollir el proper conte en angl\u00e8s&#8230; Any ideas? Your suggestions are welcome!<\/p>\n\r\n\t<div class=\"slideshow_container slideshow_container_style-light\" style=\"height: 300px; \" data-slideshow-id=\"17633\" data-style-name=\"style-light\" data-style-version=\"2.3.1\" >\r\n\r\n\t\t\t\t\t<div class=\"slideshow_loading_icon\"><\/div>\r\n\t\t\r\n\t\t<div class=\"slideshow_content\" style=\"display: none;\">\r\n\r\n\t\t\t<div class=\"slideshow_view\">\r\n\t\t\t\t<div class=\"slideshow_slide slideshow_slide_image\">\r\n\t\t\t\t\t\t\t\t\t\t\t<img src=\"https:\/\/agora.xtec.cat\/inscomasisola\/wp-content\/uploads\/usu1298\/2019\/12\/Storytime-2.jpg\" alt=\"Storytime 2\" width=\"400\" height=\"300\" \/>\r\n\t\t\t\t\t\t\t\t\t\t<div class=\"slideshow_description_box slideshow_transparent\">\r\n\t\t\t\t\t\t<div class=\"slideshow_title\">Storytime 2<\/div>\t\t\t\t\t\t\t\t\t\t\t<\/div>\r\n\t\t\t\t<\/div>\r\n\r\n\t\t\t\t\t\t<div style=\"clear: both;\"><\/div><\/div><div class=\"slideshow_view\">\r\n\t\t\t\t<div class=\"slideshow_slide slideshow_slide_image\">\r\n\t\t\t\t\t\t\t\t\t\t\t<img src=\"https:\/\/agora.xtec.cat\/inscomasisola\/wp-content\/uploads\/usu1298\/2019\/12\/Storytime-3.jpg\" alt=\"Storytime 3\" width=\"400\" height=\"300\" \/>\r\n\t\t\t\t\t\t\t\t\t\t<div class=\"slideshow_description_box slideshow_transparent\">\r\n\t\t\t\t\t\t<div class=\"slideshow_title\">Storytime 3<\/div>\t\t\t\t\t\t\t\t\t\t\t<\/div>\r\n\t\t\t\t<\/div>\r\n\r\n\t\t\t\t\t\t<div style=\"clear: both;\"><\/div><\/div><div class=\"slideshow_view\">\r\n\t\t\t\t<div class=\"slideshow_slide slideshow_slide_image\">\r\n\t\t\t\t\t\t\t\t\t\t\t<img src=\"https:\/\/agora.xtec.cat\/inscomasisola\/wp-content\/uploads\/usu1298\/2019\/12\/Storytime-1.jpg\" alt=\"Storytime 1\" width=\"400\" height=\"300\" \/>\r\n\t\t\t\t\t\t\t\t\t\t<div class=\"slideshow_description_box slideshow_transparent\">\r\n\t\t\t\t\t\t<div class=\"slideshow_title\">Storytime 1<\/div>\t\t\t\t\t\t\t\t\t\t\t<\/div>\r\n\t\t\t\t<\/div>\r\n\r\n\t\t\t\t\t\t<div style=\"clear: both;\"><\/div><\/div>\r\n\t\t<\/div>\r\n\r\n\t\t<div class=\"slideshow_controlPanel slideshow_transparent\" style=\"display: none;\"><ul><li class=\"slideshow_togglePlay\" data-play-text=\"Visualitza\" data-pause-text=\"Pausa\"><\/li><\/ul><\/div>\r\n\r\n\t\t<div class=\"slideshow_button slideshow_previous slideshow_transparent\" role=\"button\" data-previous-text=\"Anterior\" style=\"display: none;\"><\/div>\r\n\t\t<div class=\"slideshow_button slideshow_next slideshow_transparent\" role=\"button\" data-next-text=\"Seg\u00fcent\" style=\"display: none;\"><\/div>\r\n\r\n\t\t<div class=\"slideshow_pagination\" style=\"display: none;\" data-go-to-text=\"V\u00e9s a la diapositiva\"><div class=\"slideshow_pagination_center\"><\/div><\/div>\r\n\r\n\t\t<!-- WordPress Slideshow Version 2.3.1 -->\r\n\r\n\t\t\t<\/div>\r\n\r\n\n","protected":false},"excerpt":{"rendered":"<p>Els alumnes de 3r ESO\u00a0de l&#8217;optativa\u00a0Storytime\u00a0van visitar la classe de 1er de prim\u00e0ria per fer un taller de contacontes.&hellip;  <a href=\"https:\/\/agora.xtec.cat\/inscomasisola\/eso\/eso-3\/its-storytime-a-ramon-berenguer-iii\/\" title=\"Read It&#8217;s Storytime! a Ramon Berenguer III\">Llegeix m\u00e9s\u00bb<\/a><\/p>\n","protected":false},"author":1,"featured_media":17631,"comment_status":"open","ping_status":"closed","sticky":false,"template":"","format":"standard","meta":{"_bbp_topic_count":0,"_bbp_reply_count":0,"_bbp_total_topic_count":0,"_bbp_total_reply_count":0,"_bbp_voice_count":0,"_bbp_anonymous_reply_count":0,"_bbp_topic_count_hidden":0,"_bbp_reply_count_hidden":0,"_bbp_forum_subforum_count":0,"footnotes":""},"categories":[6,29],"tags":[],"class_list":["post-17634","post","type-post","status-publish","format-standard","has-post-thumbnail","hentry","category-eso-3","category-portada"],"post_mailing_queue_ids":[],"_links":{"self":[{"href":"https:\/\/agora.xtec.cat\/inscomasisola\/wp-json\/wp\/v2\/posts\/17634","targetHints":{"allow":["GET"]}}],"collection":[{"href":"https:\/\/agora.xtec.cat\/inscomasisola\/wp-json\/wp\/v2\/posts"}],"about":[{"href":"https:\/\/agora.xtec.cat\/inscomasisola\/wp-json\/wp\/v2\/types\/post"}],"author":[{"embeddable":true,"href":"https:\/\/agora.xtec.cat\/inscomasisola\/wp-json\/wp\/v2\/users\/1"}],"replies":[{"embeddable":true,"href":"https:\/\/agora.xtec.cat\/inscomasisola\/wp-json\/wp\/v2\/comments?post=17634"}],"version-history":[{"count":1,"href":"https:\/\/agora.xtec.cat\/inscomasisola\/wp-json\/wp\/v2\/posts\/17634\/revisions"}],"predecessor-version":[{"id":17635,"href":"https:\/\/agora.xtec.cat\/inscomasisola\/wp-json\/wp\/v2\/posts\/17634\/revisions\/17635"}],"wp:featuredmedia":[{"embeddable":true,"href":"https:\/\/agora.xtec.cat\/inscomasisola\/wp-json\/wp\/v2\/media\/17631"}],"wp:attachment":[{"href":"https:\/\/agora.xtec.cat\/inscomasisola\/wp-json\/wp\/v2\/media?parent=17634"}],"wp:term":[{"taxonomy":"category","embeddable":true,"href":"https:\/\/agora.xtec.cat\/inscomasisola\/wp-json\/wp\/v2\/categories?post=17634"},{"taxonomy":"post_tag","embeddable":true,"href":"https:\/\/agora.xtec.cat\/inscomasisola\/wp-json\/wp\/v2\/tags?post=17634"}],"curies":[{"name":"wp","href":"https:\/\/api.w.org\/{rel}","templated":true}]}}