{"id":17620,"date":"2019-11-01T12:09:53","date_gmt":"2019-11-01T11:09:53","guid":{"rendered":"http:\/\/agora.xtec.cat\/inscomasisola\/?p=17620"},"modified":"2020-02-03T12:31:29","modified_gmt":"2020-02-03T11:31:29","slug":"nois-i-noies-els-mateixos-drets-i-els-mateixos-deures","status":"publish","type":"post","link":"https:\/\/agora.xtec.cat\/inscomasisola\/general\/nois-i-noies-els-mateixos-drets-i-els-mateixos-deures\/","title":{"rendered":"NOIS i NOIES: Els mateixos drets i els mateixos deures"},"content":{"rendered":"<p>El passat mes de juny van estar elaborant diferents curtmetratges amb la tem\u00e0tica comuna de la igualtat de g\u00e8nere.\u00a0 En aquests v\u00eddeos vam treballar diverses problem\u00e0tiques que sovint afecten a la nostra societat; com la desigualtat \u00a0laboral entre homes i dones, la viol\u00e8ncia de g\u00e8nere, els prejudicis per ra\u00f3 de g\u00e8nere en l\u2019esport i molts d\u2019altres.<\/p>\n<p>Aquesta tardor \u00a0hem estat treballant amb les Escoles de Prim\u00e0ria del nostre barri: el Ramon y Cajal i\u00a0 el Ramon Berenguer III<\/p>\n<p>Vam comen\u00e7ar l\u2019activitat amb un joc dirigit pels alumnes de 4t d\u2019ESO per tal que els alumnes de 6\u00e8 reflexionessin \u00a0sobre l\u2019\u00fas d\u2019objectes quotidians. En petits grups de nens i nenes van haver de \u00a0decidir si \u00a0eren objectes per home, \u00a0per dones o per qualsevol dels dos, reflexionant sobre qui els feia servir majorit\u00e0riament i el per qu\u00e8.<\/p>\n<p>Despr\u00e9s del joc els alumnes de 4t d\u2019ESO van exposar breument com es van elaborar els curtmetratges i els vam veure tots plegats. En acabat, \u00a0vam fer un debat tots junt sobre les diferents problem\u00e0tiques tractades en els curtmetratges.<\/p>\n<p>L\u2019experi\u00e8ncia va ser molt enriquidora i ens ho vam passar molt b\u00e9.<\/p>\n<p>Aqu\u00ed teniu unes fotos de quan est\u00e0vem fent el joc d\u2019introducci\u00f3.<\/p>\n\r\n\t<div class=\"slideshow_container slideshow_container_style-light\" style=\"height: 300px; \" data-slideshow-id=\"17619\" data-style-name=\"style-light\" data-style-version=\"2.3.1\" >\r\n\r\n\t\t\t\t\t<div class=\"slideshow_loading_icon\"><\/div>\r\n\t\t\r\n\t\t<div class=\"slideshow_content\" style=\"display: none;\">\r\n\r\n\t\t\t<div class=\"slideshow_view\">\r\n\t\t\t\t<div class=\"slideshow_slide slideshow_slide_image\">\r\n\t\t\t\t\t\t\t\t\t\t\t<img src=\"https:\/\/agora.xtec.cat\/inscomasisola\/wp-content\/uploads\/usu1298\/2019\/12\/Aps-Primaria3-nov-19.jpg\" alt=\"Hisilicon Balong\" width=\"4160\" height=\"3120\" \/>\r\n\t\t\t\t\t\t\t\t\t\t<div class=\"slideshow_description_box slideshow_transparent\">\r\n\t\t\t\t\t\t<div class=\"slideshow_title\">Hisilicon Balong<\/div>\t\t\t\t\t\t\t\t\t\t\t<\/div>\r\n\t\t\t\t<\/div>\r\n\r\n\t\t\t\t\t\t<div style=\"clear: both;\"><\/div><\/div><div class=\"slideshow_view\">\r\n\t\t\t\t<div class=\"slideshow_slide slideshow_slide_image\">\r\n\t\t\t\t\t\t\t\t\t\t\t<img src=\"https:\/\/agora.xtec.cat\/inscomasisola\/wp-content\/uploads\/usu1298\/2019\/12\/Aps-Primaria1-nov-19.jpg\" alt=\"Hisilicon Balong\" width=\"4160\" height=\"3120\" \/>\r\n\t\t\t\t\t\t\t\t\t\t<div class=\"slideshow_description_box slideshow_transparent\">\r\n\t\t\t\t\t\t<div class=\"slideshow_title\">Hisilicon Balong<\/div>\t\t\t\t\t\t\t\t\t\t\t<\/div>\r\n\t\t\t\t<\/div>\r\n\r\n\t\t\t\t\t\t<div style=\"clear: both;\"><\/div><\/div><div class=\"slideshow_view\">\r\n\t\t\t\t<div class=\"slideshow_slide slideshow_slide_image\">\r\n\t\t\t\t\t\t\t\t\t\t\t<img src=\"https:\/\/agora.xtec.cat\/inscomasisola\/wp-content\/uploads\/usu1298\/2019\/12\/Aps-Primaria2-nov-19.jpg\" alt=\"Hisilicon Balong\" width=\"4160\" height=\"3120\" \/>\r\n\t\t\t\t\t\t\t\t\t\t<div class=\"slideshow_description_box slideshow_transparent\">\r\n\t\t\t\t\t\t<div class=\"slideshow_title\">Hisilicon Balong<\/div>\t\t\t\t\t\t\t\t\t\t\t<\/div>\r\n\t\t\t\t<\/div>\r\n\r\n\t\t\t\t\t\t<div style=\"clear: both;\"><\/div><\/div>\r\n\t\t<\/div>\r\n\r\n\t\t<div class=\"slideshow_controlPanel slideshow_transparent\" style=\"display: none;\"><ul><li class=\"slideshow_togglePlay\" data-play-text=\"Visualitza\" data-pause-text=\"Pausa\"><\/li><\/ul><\/div>\r\n\r\n\t\t<div class=\"slideshow_button slideshow_previous slideshow_transparent\" role=\"button\" data-previous-text=\"Anterior\" style=\"display: none;\"><\/div>\r\n\t\t<div class=\"slideshow_button slideshow_next slideshow_transparent\" role=\"button\" data-next-text=\"Seg\u00fcent\" style=\"display: none;\"><\/div>\r\n\r\n\t\t<div class=\"slideshow_pagination\" style=\"display: none;\" data-go-to-text=\"V\u00e9s a la diapositiva\"><div class=\"slideshow_pagination_center\"><\/div><\/div>\r\n\r\n\t\t<!-- WordPress Slideshow Version 2.3.1 -->\r\n\r\n\t\t\t<\/div>\r\n\r\n\n","protected":false},"excerpt":{"rendered":"<p>Aquesta tardor \u00a0hem estat treballant la igualtat de g\u00e8nere, amb les Escoles de Prim\u00e0ria del nostre barri: el Ramon y Cajal i\u00a0 el Ramon Berenguer III&hellip;  <a href=\"https:\/\/agora.xtec.cat\/inscomasisola\/general\/nois-i-noies-els-mateixos-drets-i-els-mateixos-deures\/\" title=\"Read NOIS i NOIES: Els mateixos drets i els mateixos deures\">Llegeix m\u00e9s\u00bb<\/a><\/p>\n","protected":false},"author":1,"featured_media":17615,"comment_status":"open","ping_status":"closed","sticky":false,"template":"","format":"standard","meta":{"_bbp_topic_count":0,"_bbp_reply_count":0,"_bbp_total_topic_count":0,"_bbp_total_reply_count":0,"_bbp_voice_count":0,"_bbp_anonymous_reply_count":0,"_bbp_topic_count_hidden":0,"_bbp_reply_count_hidden":0,"_bbp_forum_subforum_count":0,"footnotes":""},"categories":[114,7,1,29],"tags":[],"class_list":["post-17620","post","type-post","status-publish","format-standard","has-post-thumbnail","hentry","category-aps","category-eso-4","category-general","category-portada"],"post_mailing_queue_ids":[],"_links":{"self":[{"href":"https:\/\/agora.xtec.cat\/inscomasisola\/wp-json\/wp\/v2\/posts\/17620","targetHints":{"allow":["GET"]}}],"collection":[{"href":"https:\/\/agora.xtec.cat\/inscomasisola\/wp-json\/wp\/v2\/posts"}],"about":[{"href":"https:\/\/agora.xtec.cat\/inscomasisola\/wp-json\/wp\/v2\/types\/post"}],"author":[{"embeddable":true,"href":"https:\/\/agora.xtec.cat\/inscomasisola\/wp-json\/wp\/v2\/users\/1"}],"replies":[{"embeddable":true,"href":"https:\/\/agora.xtec.cat\/inscomasisola\/wp-json\/wp\/v2\/comments?post=17620"}],"version-history":[{"count":1,"href":"https:\/\/agora.xtec.cat\/inscomasisola\/wp-json\/wp\/v2\/posts\/17620\/revisions"}],"predecessor-version":[{"id":17621,"href":"https:\/\/agora.xtec.cat\/inscomasisola\/wp-json\/wp\/v2\/posts\/17620\/revisions\/17621"}],"wp:featuredmedia":[{"embeddable":true,"href":"https:\/\/agora.xtec.cat\/inscomasisola\/wp-json\/wp\/v2\/media\/17615"}],"wp:attachment":[{"href":"https:\/\/agora.xtec.cat\/inscomasisola\/wp-json\/wp\/v2\/media?parent=17620"}],"wp:term":[{"taxonomy":"category","embeddable":true,"href":"https:\/\/agora.xtec.cat\/inscomasisola\/wp-json\/wp\/v2\/categories?post=17620"},{"taxonomy":"post_tag","embeddable":true,"href":"https:\/\/agora.xtec.cat\/inscomasisola\/wp-json\/wp\/v2\/tags?post=17620"}],"curies":[{"name":"wp","href":"https:\/\/api.w.org\/{rel}","templated":true}]}}