{"id":17607,"date":"2019-12-09T10:40:54","date_gmt":"2019-12-09T09:40:54","guid":{"rendered":"http:\/\/agora.xtec.cat\/inscomasisola\/?p=17607"},"modified":"2019-12-11T10:58:01","modified_gmt":"2019-12-11T09:58:01","slug":"hort-de-plantes-aromatiques-en-marxa","status":"publish","type":"post","link":"https:\/\/agora.xtec.cat\/inscomasisola\/eso\/hort-de-plantes-aromatiques-en-marxa\/","title":{"rendered":"Hort de plantes arom\u00e0tiques en marxa!!"},"content":{"rendered":"<p><a href=\"https:\/\/agora.xtec.cat\/inscomasisola\/wp-content\/uploads\/usu1298\/2019\/12\/hort-aroma-1.jpg\"><img loading=\"lazy\" decoding=\"async\" class=\"size-medium wp-image-17601 alignleft\" src=\"https:\/\/agora.xtec.cat\/inscomasisola\/wp-content\/uploads\/usu1298\/2019\/12\/hort-aroma-1-300x225.jpg\" alt=\"\" width=\"300\" height=\"225\" srcset=\"https:\/\/agora.xtec.cat\/inscomasisola\/wp-content\/uploads\/usu1298\/2019\/12\/hort-aroma-1-300x225.jpg 300w, https:\/\/agora.xtec.cat\/inscomasisola\/wp-content\/uploads\/usu1298\/2019\/12\/hort-aroma-1-768x576.jpg 768w, https:\/\/agora.xtec.cat\/inscomasisola\/wp-content\/uploads\/usu1298\/2019\/12\/hort-aroma-1-1024x768.jpg 1024w, https:\/\/agora.xtec.cat\/inscomasisola\/wp-content\/uploads\/usu1298\/2019\/12\/hort-aroma-1-200x150.jpg 200w, https:\/\/agora.xtec.cat\/inscomasisola\/wp-content\/uploads\/usu1298\/2019\/12\/hort-aroma-1.jpg 2048w\" sizes=\"auto, (max-width: 300px) 100vw, 300px\" \/><\/a><\/p>\n<p style=\"text-align: justify;\">Aquest mat\u00ed hem estat molt actius a l&#8217;hort! Hem plantat tres plantes arom\u00e0tiques i n&#8217;hem apr\u00e8s els beneficis i possibles usos a la cuina. Tamb\u00e9 hem plantat Jacints per donar una mica de color a l&#8217;hort d&#8217;hivern.<\/p>\n<p style=\"text-align: justify;\">Finalment, hem plantat unes plantes con\u00edferes (una Picea Glauca Conica, una Thuja i un ginebr\u00f3). Esperem que creixin per poder-les decorar pel proper Nadal.<\/p>\n<p>&nbsp;<\/p>\n<table>\n<tbody>\n<tr>\n<td style=\"width: 243px;\"><a href=\"https:\/\/agora.xtec.cat\/inscomasisola\/wp-content\/uploads\/usu1298\/2019\/12\/Hort-Aroma-basic.jpg\"><img loading=\"lazy\" decoding=\"async\" class=\"size-medium wp-image-17600 aligncenter\" src=\"https:\/\/agora.xtec.cat\/inscomasisola\/wp-content\/uploads\/usu1298\/2019\/12\/Hort-Aroma-basic-225x300.jpg\" alt=\"\" width=\"225\" height=\"300\" srcset=\"https:\/\/agora.xtec.cat\/inscomasisola\/wp-content\/uploads\/usu1298\/2019\/12\/Hort-Aroma-basic-225x300.jpg 225w, https:\/\/agora.xtec.cat\/inscomasisola\/wp-content\/uploads\/usu1298\/2019\/12\/Hort-Aroma-basic-768x1024.jpg 768w, https:\/\/agora.xtec.cat\/inscomasisola\/wp-content\/uploads\/usu1298\/2019\/12\/Hort-Aroma-basic.jpg 1536w\" sizes=\"auto, (max-width: 225px) 100vw, 225px\" \/><\/a><\/td>\n<td style=\"width: 243px;\"><a href=\"https:\/\/agora.xtec.cat\/inscomasisola\/wp-content\/uploads\/usu1298\/2019\/12\/Hort-Aroma-3.jpg\"><img loading=\"lazy\" decoding=\"async\" class=\"alignright size-medium wp-image-17599\" src=\"https:\/\/agora.xtec.cat\/inscomasisola\/wp-content\/uploads\/usu1298\/2019\/12\/Hort-Aroma-3-225x300.jpg\" alt=\"\" width=\"225\" height=\"300\" srcset=\"https:\/\/agora.xtec.cat\/inscomasisola\/wp-content\/uploads\/usu1298\/2019\/12\/Hort-Aroma-3-225x300.jpg 225w, https:\/\/agora.xtec.cat\/inscomasisola\/wp-content\/uploads\/usu1298\/2019\/12\/Hort-Aroma-3-768x1024.jpg 768w, https:\/\/agora.xtec.cat\/inscomasisola\/wp-content\/uploads\/usu1298\/2019\/12\/Hort-Aroma-3.jpg 1536w\" sizes=\"auto, (max-width: 225px) 100vw, 225px\" \/><\/a><\/td>\n<td style=\"width: 243px;\"><a href=\"https:\/\/agora.xtec.cat\/inscomasisola\/wp-content\/uploads\/usu1298\/2019\/12\/Hort-aroma-2.jpg\"><img loading=\"lazy\" decoding=\"async\" class=\"alignright size-medium wp-image-17598\" src=\"https:\/\/agora.xtec.cat\/inscomasisola\/wp-content\/uploads\/usu1298\/2019\/12\/Hort-aroma-2-225x300.jpg\" alt=\"\" width=\"225\" height=\"300\" srcset=\"https:\/\/agora.xtec.cat\/inscomasisola\/wp-content\/uploads\/usu1298\/2019\/12\/Hort-aroma-2-225x300.jpg 225w, https:\/\/agora.xtec.cat\/inscomasisola\/wp-content\/uploads\/usu1298\/2019\/12\/Hort-aroma-2-768x1024.jpg 768w, https:\/\/agora.xtec.cat\/inscomasisola\/wp-content\/uploads\/usu1298\/2019\/12\/Hort-aroma-2.jpg 1536w\" sizes=\"auto, (max-width: 225px) 100vw, 225px\" \/><\/a><\/td>\n<\/tr>\n<\/tbody>\n<\/table>\n<p>&nbsp;<\/p>\n","protected":false},"excerpt":{"rendered":"<p>Hem plantat tres plantes arom\u00e0tiques i n&#8217;hem apr\u00e8s els beneficis i possibles usos a la cuina. &hellip;  <a href=\"https:\/\/agora.xtec.cat\/inscomasisola\/eso\/hort-de-plantes-aromatiques-en-marxa\/\" title=\"Read Hort de plantes arom\u00e0tiques en marxa!!\">Llegeix m\u00e9s\u00bb<\/a><\/p>\n","protected":false},"author":1,"featured_media":17600,"comment_status":"open","ping_status":"closed","sticky":false,"template":"","format":"standard","meta":{"_bbp_topic_count":0,"_bbp_reply_count":0,"_bbp_total_topic_count":0,"_bbp_total_reply_count":0,"_bbp_voice_count":0,"_bbp_anonymous_reply_count":0,"_bbp_topic_count_hidden":0,"_bbp_reply_count_hidden":0,"_bbp_forum_subforum_count":0,"footnotes":""},"categories":[113,3,29],"tags":[],"class_list":["post-17607","post","type-post","status-publish","format-standard","has-post-thumbnail","hentry","category-compromis-amb-la-sostenibilitat","category-eso","category-portada"],"post_mailing_queue_ids":[],"_links":{"self":[{"href":"https:\/\/agora.xtec.cat\/inscomasisola\/wp-json\/wp\/v2\/posts\/17607","targetHints":{"allow":["GET"]}}],"collection":[{"href":"https:\/\/agora.xtec.cat\/inscomasisola\/wp-json\/wp\/v2\/posts"}],"about":[{"href":"https:\/\/agora.xtec.cat\/inscomasisola\/wp-json\/wp\/v2\/types\/post"}],"author":[{"embeddable":true,"href":"https:\/\/agora.xtec.cat\/inscomasisola\/wp-json\/wp\/v2\/users\/1"}],"replies":[{"embeddable":true,"href":"https:\/\/agora.xtec.cat\/inscomasisola\/wp-json\/wp\/v2\/comments?post=17607"}],"version-history":[{"count":4,"href":"https:\/\/agora.xtec.cat\/inscomasisola\/wp-json\/wp\/v2\/posts\/17607\/revisions"}],"predecessor-version":[{"id":17614,"href":"https:\/\/agora.xtec.cat\/inscomasisola\/wp-json\/wp\/v2\/posts\/17607\/revisions\/17614"}],"wp:featuredmedia":[{"embeddable":true,"href":"https:\/\/agora.xtec.cat\/inscomasisola\/wp-json\/wp\/v2\/media\/17600"}],"wp:attachment":[{"href":"https:\/\/agora.xtec.cat\/inscomasisola\/wp-json\/wp\/v2\/media?parent=17607"}],"wp:term":[{"taxonomy":"category","embeddable":true,"href":"https:\/\/agora.xtec.cat\/inscomasisola\/wp-json\/wp\/v2\/categories?post=17607"},{"taxonomy":"post_tag","embeddable":true,"href":"https:\/\/agora.xtec.cat\/inscomasisola\/wp-json\/wp\/v2\/tags?post=17607"}],"curies":[{"name":"wp","href":"https:\/\/api.w.org\/{rel}","templated":true}]}}