{"id":17544,"date":"2019-10-09T14:22:44","date_gmt":"2019-10-09T12:22:44","guid":{"rendered":"http:\/\/agora.xtec.cat\/inscomasisola\/?p=17544"},"modified":"2019-11-15T10:07:23","modified_gmt":"2019-11-15T09:07:23","slug":"visita-del-punt-verd-mobil-escolar-al-comas","status":"publish","type":"post","link":"https:\/\/agora.xtec.cat\/inscomasisola\/portada\/visita-del-punt-verd-mobil-escolar-al-comas\/","title":{"rendered":"Visita del Punt Verd M\u00f2bil Escolar al Comas"},"content":{"rendered":"<div id=\":r5\" class=\"ii gt\">\n<div id=\":r4\" class=\"a3s aXjCH \">\n<div dir=\"ltr\">\n<div><\/div>\n<div style=\"text-align: justify;\"><span style=\"color: #444444;\">Avui ha vingut al centre el cami\u00f3 del Punt Verd M\u00f2bil Escolar. Hem aprofitat per fer neteja i per desfer-nos de tots aquells residus que per la seva composici\u00f3 no s&#8217;han de llen\u00e7ar en els contenidors habituals que hi ha als carrers de la ciutat.<\/span><\/div>\n<p><!--more--><\/p>\n<div><\/div>\n<div><\/div>\n<div style=\"text-align: justify;\"><span style=\"color: #444444;\">L&#8217;alumnat\u00a0de la Comissi\u00f3 Ambiental (Comas Verd) ha participat amb entusiasme i durant l&#8217;hora del pati, entre tots, hem llen\u00e7at ordinadors vells, piles, roba vella i bombetes.\u00a0<\/span><\/div>\n<div><\/div>\n<div style=\"text-align: justify;\"><span style=\"color: #444444;\">Seguirem fent campanya per sensibilitzar alumnes i professors sobre el tractament dels residus especials!<\/span><\/div>\n<div><\/div>\n<div><a href=\"https:\/\/agora.xtec.cat\/inscomasisola\/wp-content\/uploads\/usu1298\/2019\/10\/Cami\u00f3-Punt-Verd-2.jpg\">\u00a0\u00a0<\/a>\r\n\t<div class=\"slideshow_container slideshow_container_style-light\" style=\"height: 300px; \" data-slideshow-id=\"17551\" data-style-name=\"style-light\" data-style-version=\"2.3.1\" >\r\n\r\n\t\t\t\t\t<div class=\"slideshow_loading_icon\"><\/div>\r\n\t\t\r\n\t\t<div class=\"slideshow_content\" style=\"display: none;\">\r\n\r\n\t\t\t<div class=\"slideshow_view\">\r\n\t\t\t\t<div class=\"slideshow_slide slideshow_slide_image\">\r\n\t\t\t\t\t\t\t\t\t\t\t<img src=\"https:\/\/agora.xtec.cat\/inscomasisola\/wp-content\/uploads\/usu1298\/2019\/10\/Cami\u00f3-Punt-Verd-1.jpg\" alt=\"Cami\u00f3 Punt Verd 1\" width=\"933\" height=\"700\" \/>\r\n\t\t\t\t\t\t\t\t\t\t<div class=\"slideshow_description_box slideshow_transparent\">\r\n\t\t\t\t\t\t<div class=\"slideshow_title\">Cami\u00f3 Punt Verd 1<\/div>\t\t\t\t\t\t\t\t\t\t\t<\/div>\r\n\t\t\t\t<\/div>\r\n\r\n\t\t\t\t\t\t<div style=\"clear: both;\"><\/div><\/div><div class=\"slideshow_view\">\r\n\t\t\t\t<div class=\"slideshow_slide slideshow_slide_image\">\r\n\t\t\t\t\t\t\t\t\t\t\t<img src=\"https:\/\/agora.xtec.cat\/inscomasisola\/wp-content\/uploads\/usu1298\/2019\/10\/Cami\u00f3-Punt-Verd-2.jpg\" alt=\"Cami\u00f3 Punt Verd 2\" width=\"933\" height=\"700\" \/>\r\n\t\t\t\t\t\t\t\t\t\t<div class=\"slideshow_description_box slideshow_transparent\">\r\n\t\t\t\t\t\t<div class=\"slideshow_title\">Cami\u00f3 Punt Verd 2<\/div>\t\t\t\t\t\t\t\t\t\t\t<\/div>\r\n\t\t\t\t<\/div>\r\n\r\n\t\t\t\t\t\t<div style=\"clear: both;\"><\/div><\/div><div class=\"slideshow_view\">\r\n\t\t\t\t<div class=\"slideshow_slide slideshow_slide_image\">\r\n\t\t\t\t\t\t\t\t\t\t\t<img src=\"https:\/\/agora.xtec.cat\/inscomasisola\/wp-content\/uploads\/usu1298\/2019\/10\/Cami\u00f3-Punt-Verd-3.jpg\" alt=\"Cami\u00f3 Punt Verd 3\" width=\"525\" height=\"700\" \/>\r\n\t\t\t\t\t\t\t\t\t\t<div class=\"slideshow_description_box slideshow_transparent\">\r\n\t\t\t\t\t\t<div class=\"slideshow_title\">Cami\u00f3 Punt Verd 3<\/div>\t\t\t\t\t\t\t\t\t\t\t<\/div>\r\n\t\t\t\t<\/div>\r\n\r\n\t\t\t\t\t\t<div style=\"clear: both;\"><\/div><\/div>\r\n\t\t<\/div>\r\n\r\n\t\t<div class=\"slideshow_controlPanel slideshow_transparent\" style=\"display: none;\"><ul><li class=\"slideshow_togglePlay\" data-play-text=\"Visualitza\" data-pause-text=\"Pausa\"><\/li><\/ul><\/div>\r\n\r\n\t\t<div class=\"slideshow_button slideshow_previous slideshow_transparent\" role=\"button\" data-previous-text=\"Anterior\" style=\"display: none;\"><\/div>\r\n\t\t<div class=\"slideshow_button slideshow_next slideshow_transparent\" role=\"button\" data-next-text=\"Seg\u00fcent\" style=\"display: none;\"><\/div>\r\n\r\n\t\t<div class=\"slideshow_pagination\" style=\"display: none;\" data-go-to-text=\"V\u00e9s a la diapositiva\"><div class=\"slideshow_pagination_center\"><\/div><\/div>\r\n\r\n\t\t<!-- WordPress Slideshow Version 2.3.1 -->\r\n\r\n\t\t\t<\/div>\r\n\r\n<\/div>\n<\/div>\n<div class=\"yj6qo\"><\/div>\n<div class=\"adL\"><\/div>\n<\/div>\n<\/div>\n<p>&nbsp;<\/p>\n<div id=\":tn\" class=\"hq gt\"><\/div>\n","protected":false},"excerpt":{"rendered":"<p>Avui ha vingut al centre el cami\u00f3 del Punt Verd M\u00f2bil Escolar. Hem aprofitat per fer neteja i per desfer-nos de tots\u00a0aquells residus que per la seva composici\u00f3 no s&#8217;han de llen\u00e7ar en els contenidors habituals que hi ha als carrers de la ciutat.&hellip;  <a href=\"https:\/\/agora.xtec.cat\/inscomasisola\/portada\/visita-del-punt-verd-mobil-escolar-al-comas\/\" title=\"Read Visita del Punt Verd M\u00f2bil Escolar al Comas\">Llegeix m\u00e9s\u00bb<\/a><\/p>\n","protected":false},"author":1,"featured_media":17541,"comment_status":"open","ping_status":"closed","sticky":false,"template":"","format":"standard","meta":{"_bbp_topic_count":0,"_bbp_reply_count":0,"_bbp_total_topic_count":0,"_bbp_total_reply_count":0,"_bbp_voice_count":0,"_bbp_anonymous_reply_count":0,"_bbp_topic_count_hidden":0,"_bbp_reply_count_hidden":0,"_bbp_forum_subforum_count":0,"footnotes":""},"categories":[113,29],"tags":[],"class_list":["post-17544","post","type-post","status-publish","format-standard","has-post-thumbnail","hentry","category-compromis-amb-la-sostenibilitat","category-portada"],"post_mailing_queue_ids":[],"_links":{"self":[{"href":"https:\/\/agora.xtec.cat\/inscomasisola\/wp-json\/wp\/v2\/posts\/17544","targetHints":{"allow":["GET"]}}],"collection":[{"href":"https:\/\/agora.xtec.cat\/inscomasisola\/wp-json\/wp\/v2\/posts"}],"about":[{"href":"https:\/\/agora.xtec.cat\/inscomasisola\/wp-json\/wp\/v2\/types\/post"}],"author":[{"embeddable":true,"href":"https:\/\/agora.xtec.cat\/inscomasisola\/wp-json\/wp\/v2\/users\/1"}],"replies":[{"embeddable":true,"href":"https:\/\/agora.xtec.cat\/inscomasisola\/wp-json\/wp\/v2\/comments?post=17544"}],"version-history":[{"count":4,"href":"https:\/\/agora.xtec.cat\/inscomasisola\/wp-json\/wp\/v2\/posts\/17544\/revisions"}],"predecessor-version":[{"id":17553,"href":"https:\/\/agora.xtec.cat\/inscomasisola\/wp-json\/wp\/v2\/posts\/17544\/revisions\/17553"}],"wp:featuredmedia":[{"embeddable":true,"href":"https:\/\/agora.xtec.cat\/inscomasisola\/wp-json\/wp\/v2\/media\/17541"}],"wp:attachment":[{"href":"https:\/\/agora.xtec.cat\/inscomasisola\/wp-json\/wp\/v2\/media?parent=17544"}],"wp:term":[{"taxonomy":"category","embeddable":true,"href":"https:\/\/agora.xtec.cat\/inscomasisola\/wp-json\/wp\/v2\/categories?post=17544"},{"taxonomy":"post_tag","embeddable":true,"href":"https:\/\/agora.xtec.cat\/inscomasisola\/wp-json\/wp\/v2\/tags?post=17544"}],"curies":[{"name":"wp","href":"https:\/\/api.w.org\/{rel}","templated":true}]}}