{"id":1706,"date":"2019-06-11T17:27:16","date_gmt":"2019-06-11T15:27:16","guid":{"rendered":"http:\/\/agora.xtec.cat\/inscomasisola\/?p=1706"},"modified":"2019-06-11T17:27:16","modified_gmt":"2019-06-11T15:27:16","slug":"dia-mundial-sense-fum","status":"publish","type":"post","link":"https:\/\/agora.xtec.cat\/inscomasisola\/eso\/eso-3\/dia-mundial-sense-fum\/","title":{"rendered":"Dia mundial sense fum"},"content":{"rendered":"<p>Amb motiu del Dia Mundial sense Tabac, que es va celebrar el divendres 31 de maig els alumnes de 3r i 4t d&#8217;ESO del nostre centre van col\u00b7laborar amb els professionals del\u00a0 CAP Trinitat Vella, en l&#8217;elaboraci\u00f3 d&#8217;un v\u00eddeo clip <a href=\"https:\/\/www.youtube.com\/watch?v=XSV9yBDv9SA&amp;feature=youtu.be\">No t&#8217;esfumis amb el fum<\/a> per tal de conscienciar a la poblaci\u00f3 dels greus problemes de salut que comporta el tabaquisme, com ara diversos tipus de c\u00e0ncer o malaltia pulmonar obstructiva cr\u00f2nica (MPOC) aix\u00ed com de les greus conseq\u00fc\u00e8ncies sobre els fumadors passius.<\/p>\n<p>Des dels centres d\u2019atenci\u00f3 prim\u00e0ria de Barcelona ciutat de l\u2019ICS es treballen per dues vies: el suport per deixar de fumar i la prevenci\u00f3 del tabac. Tamb\u00e9 ofereixen material i recursos per sensibilitzar la poblaci\u00f3 de la import\u00e0ncia que t\u00e9 per a la salut abandonar el consum de tabac aix\u00ed com per evitar que inici\u00ef aquest h\u00e0bit.<\/p>\n<p>&nbsp;<\/p>\n","protected":false},"excerpt":{"rendered":"<p>Amb motiu del Dia Mundial sense Tabac, que es va celebrar el divendres 31 de maig els alumnes de 3r i 4t d&#8217;ESO del nostre centre van col\u00b7laborar amb els professionals del\u00a0 CAP Trinitat Vella, en l&#8217;elaboraci\u00f3 d&#8217;un v\u00eddeo clip <a href=\"https:\/\/www.youtube.com\/watch?v=XSV9yBDv9SA&amp;feature=youtu.be\">No t&#8217;esfumis amb el&hellip;  <a href=\"https:\/\/agora.xtec.cat\/inscomasisola\/eso\/eso-3\/dia-mundial-sense-fum\/\" title=\"Read Dia mundial sense fum\">Llegeix m\u00e9s\u00bb<\/a><\/p>\n","protected":false},"author":1,"featured_media":1707,"comment_status":"open","ping_status":"closed","sticky":false,"template":"","format":"standard","meta":{"_bbp_topic_count":0,"_bbp_reply_count":0,"_bbp_total_topic_count":0,"_bbp_total_reply_count":0,"_bbp_voice_count":0,"_bbp_anonymous_reply_count":0,"_bbp_topic_count_hidden":0,"_bbp_reply_count_hidden":0,"_bbp_forum_subforum_count":0,"footnotes":""},"categories":[6,7,29],"tags":[],"class_list":["post-1706","post","type-post","status-publish","format-standard","has-post-thumbnail","hentry","category-eso-3","category-eso-4","category-portada"],"post_mailing_queue_ids":[],"_links":{"self":[{"href":"https:\/\/agora.xtec.cat\/inscomasisola\/wp-json\/wp\/v2\/posts\/1706","targetHints":{"allow":["GET"]}}],"collection":[{"href":"https:\/\/agora.xtec.cat\/inscomasisola\/wp-json\/wp\/v2\/posts"}],"about":[{"href":"https:\/\/agora.xtec.cat\/inscomasisola\/wp-json\/wp\/v2\/types\/post"}],"author":[{"embeddable":true,"href":"https:\/\/agora.xtec.cat\/inscomasisola\/wp-json\/wp\/v2\/users\/1"}],"replies":[{"embeddable":true,"href":"https:\/\/agora.xtec.cat\/inscomasisola\/wp-json\/wp\/v2\/comments?post=1706"}],"version-history":[{"count":1,"href":"https:\/\/agora.xtec.cat\/inscomasisola\/wp-json\/wp\/v2\/posts\/1706\/revisions"}],"predecessor-version":[{"id":1708,"href":"https:\/\/agora.xtec.cat\/inscomasisola\/wp-json\/wp\/v2\/posts\/1706\/revisions\/1708"}],"wp:featuredmedia":[{"embeddable":true,"href":"https:\/\/agora.xtec.cat\/inscomasisola\/wp-json\/wp\/v2\/media\/1707"}],"wp:attachment":[{"href":"https:\/\/agora.xtec.cat\/inscomasisola\/wp-json\/wp\/v2\/media?parent=1706"}],"wp:term":[{"taxonomy":"category","embeddable":true,"href":"https:\/\/agora.xtec.cat\/inscomasisola\/wp-json\/wp\/v2\/categories?post=1706"},{"taxonomy":"post_tag","embeddable":true,"href":"https:\/\/agora.xtec.cat\/inscomasisola\/wp-json\/wp\/v2\/tags?post=1706"}],"curies":[{"name":"wp","href":"https:\/\/api.w.org\/{rel}","templated":true}]}}