{"id":1683,"date":"2019-05-07T12:58:00","date_gmt":"2019-05-07T10:58:00","guid":{"rendered":"http:\/\/agora.xtec.cat\/inscomasisola\/?p=1683"},"modified":"2019-05-07T13:04:50","modified_gmt":"2019-05-07T11:04:50","slug":"gran-exit-de-linstitut-als-jocs-florals-del-districte","status":"publish","type":"post","link":"https:\/\/agora.xtec.cat\/inscomasisola\/eso\/eso-4\/gran-exit-de-linstitut-als-jocs-florals-del-districte\/","title":{"rendered":"GRAN \u00c8XIT DE L&#8217;INSTITUT ALS JOCS FLORALS DEL DISTRICTE"},"content":{"rendered":"<div class=\"gs\">\n<div class=\"\">\n<div id=\":pj\" class=\"ii gt\">\n<div id=\":pi\" class=\"a3s aXjCH \">\n<div dir=\"ltr\">\n<div><strong>La nostra alumna Raquel Tebar ha guanyat el tercer premi de narrativa dels jocs Florals del districte de Sant Andreu.<\/strong><\/div>\n<div><\/div>\n<div>El passat dijous 2 de maig, l&#8217;institut va viure un dels seus moments m\u00e9s bonics.<\/div>\n<div><\/div>\n<div>Dies abans, ens va arribar una carta del Centre de Recursos de Sant Andreu per convidar-nos a la gala de lliurament dels premis dels Jocs Florals Escolars d&#8217;enguany ja que l&#8217;alumna Raquel Tebar, de 4t d&#8217;ESO, havia estat seleccionada.<\/div>\n<div><\/div>\n<div>Vam gaudir d&#8217;una gala molt emotiva, ja que vam tenir l&#8217;oportunitat d&#8217;escoltar les poesies i parts de les narracions guanyadores, produccions de tem\u00e0tica reivindicativa, gran part d&#8217;elles, i tamb\u00e9 d&#8217;altres amb tem\u00e0tiques ben originals.<\/div>\n<div><\/div>\n<div>La nostra alumna Raquel Tebar va guanyar el tercer premi de narrativa de la categoria de 3r i 4t d&#8217;ESO.<\/div>\n<div>En arribar a l&#8217;institut, la not\u00edcia es va propagar r\u00e0pidament i van comen\u00e7ar a arribar les felicitacions per part dels seus companys i companyes i del professorat a la guanyadora, que ben merescut ha guanyat aquest premi<\/div>\n<div><\/div>\n<div>Tant els seus pares, com les professores i ella mateixa, mantindrem en el record per molt de temps aquest dia i aquest premi tan especial per a tota la comunitat educativa del Comas.<\/div>\n<div><\/div>\n<\/div>\n<\/div>\n<\/div>\n<\/div>\n<div>\r\n\t<div class=\"slideshow_container slideshow_container_style-light\" style=\" \" data-slideshow-id=\"1682\" data-style-name=\"style-light\" data-style-version=\"2.3.1\" >\r\n\r\n\t\t\t\t\t<div class=\"slideshow_loading_icon\"><\/div>\r\n\t\t\r\n\t\t<div class=\"slideshow_content\" style=\"display: none;\">\r\n\r\n\t\t\t<div class=\"slideshow_view\">\r\n\t\t\t\t<div class=\"slideshow_slide slideshow_slide_image\">\r\n\t\t\t\t\t\t\t\t\t\t\t<img src=\"https:\/\/agora.xtec.cat\/inscomasisola\/wp-content\/uploads\/usu1298\/2019\/05\/Premi-Raquel-2.jpg\" alt=\"Premi Raquel 2\" width=\"1280\" height=\"960\" \/>\r\n\t\t\t\t\t\t\t\t\t\t<div class=\"slideshow_description_box slideshow_transparent\">\r\n\t\t\t\t\t\t<div class=\"slideshow_title\">Premi Raquel 2<\/div>\t\t\t\t\t\t\t\t\t\t\t<\/div>\r\n\t\t\t\t<\/div>\r\n\r\n\t\t\t\t\t\t<div style=\"clear: both;\"><\/div><\/div><div class=\"slideshow_view\">\r\n\t\t\t\t<div class=\"slideshow_slide slideshow_slide_image\">\r\n\t\t\t\t\t\t\t\t\t\t\t<img src=\"https:\/\/agora.xtec.cat\/inscomasisola\/wp-content\/uploads\/usu1298\/2019\/05\/Premi-Raquel-Port.jpg\" alt=\"Premi Raquel Port\" width=\"960\" height=\"1280\" \/>\r\n\t\t\t\t\t\t\t\t\t\t<div class=\"slideshow_description_box slideshow_transparent\">\r\n\t\t\t\t\t\t<div class=\"slideshow_title\">Premi Raquel Port<\/div>\t\t\t\t\t\t\t\t\t\t\t<\/div>\r\n\t\t\t\t<\/div>\r\n\r\n\t\t\t\t\t\t<div style=\"clear: both;\"><\/div><\/div><div class=\"slideshow_view\">\r\n\t\t\t\t<div class=\"slideshow_slide slideshow_slide_image\">\r\n\t\t\t\t\t\t\t\t\t\t\t<img src=\"https:\/\/agora.xtec.cat\/inscomasisola\/wp-content\/uploads\/usu1298\/2019\/05\/Premi-Raquel-1.jpg\" alt=\"Premi Raquel 1\" width=\"1280\" height=\"960\" \/>\r\n\t\t\t\t\t\t\t\t\t\t<div class=\"slideshow_description_box slideshow_transparent\">\r\n\t\t\t\t\t\t<div class=\"slideshow_title\">Premi Raquel 1<\/div>\t\t\t\t\t\t\t\t\t\t\t<\/div>\r\n\t\t\t\t<\/div>\r\n\r\n\t\t\t\t\t\t<div style=\"clear: both;\"><\/div><\/div>\r\n\t\t<\/div>\r\n\r\n\t\t<div class=\"slideshow_controlPanel slideshow_transparent\" style=\"display: none;\"><ul><li class=\"slideshow_togglePlay\" data-play-text=\"Visualitza\" data-pause-text=\"Pausa\"><\/li><\/ul><\/div>\r\n\r\n\t\t<div class=\"slideshow_button slideshow_previous slideshow_transparent\" role=\"button\" data-previous-text=\"Anterior\" style=\"display: none;\"><\/div>\r\n\t\t<div class=\"slideshow_button slideshow_next slideshow_transparent\" role=\"button\" data-next-text=\"Seg\u00fcent\" style=\"display: none;\"><\/div>\r\n\r\n\t\t<div class=\"slideshow_pagination\" style=\"display: none;\" data-go-to-text=\"V\u00e9s a la diapositiva\"><div class=\"slideshow_pagination_center\"><\/div><\/div>\r\n\r\n\t\t<!-- WordPress Slideshow Version 2.3.1 -->\r\n\r\n\t\t\t<\/div>\r\n\r\n<\/div>\n<\/div>\n","protected":false},"excerpt":{"rendered":"<p>La nostra alumna Raquel Tebar ha guanyat el tercer premi de narrativa de la categoria de 3r i 4t d&#8217;ESO, dels jocs Florals del districte de Sant Andreu.&hellip;  <a href=\"https:\/\/agora.xtec.cat\/inscomasisola\/eso\/eso-4\/gran-exit-de-linstitut-als-jocs-florals-del-districte\/\" title=\"Read GRAN \u00c8XIT DE L&#8217;INSTITUT ALS JOCS FLORALS DEL DISTRICTE\">Llegeix m\u00e9s\u00bb<\/a><\/p>\n","protected":false},"author":1,"featured_media":1681,"comment_status":"open","ping_status":"closed","sticky":false,"template":"","format":"standard","meta":{"_bbp_topic_count":0,"_bbp_reply_count":0,"_bbp_total_topic_count":0,"_bbp_total_reply_count":0,"_bbp_voice_count":0,"_bbp_anonymous_reply_count":0,"_bbp_topic_count_hidden":0,"_bbp_reply_count_hidden":0,"_bbp_forum_subforum_count":0,"footnotes":""},"categories":[7,29],"tags":[],"class_list":["post-1683","post","type-post","status-publish","format-standard","has-post-thumbnail","hentry","category-eso-4","category-portada"],"post_mailing_queue_ids":[],"_links":{"self":[{"href":"https:\/\/agora.xtec.cat\/inscomasisola\/wp-json\/wp\/v2\/posts\/1683","targetHints":{"allow":["GET"]}}],"collection":[{"href":"https:\/\/agora.xtec.cat\/inscomasisola\/wp-json\/wp\/v2\/posts"}],"about":[{"href":"https:\/\/agora.xtec.cat\/inscomasisola\/wp-json\/wp\/v2\/types\/post"}],"author":[{"embeddable":true,"href":"https:\/\/agora.xtec.cat\/inscomasisola\/wp-json\/wp\/v2\/users\/1"}],"replies":[{"embeddable":true,"href":"https:\/\/agora.xtec.cat\/inscomasisola\/wp-json\/wp\/v2\/comments?post=1683"}],"version-history":[{"count":2,"href":"https:\/\/agora.xtec.cat\/inscomasisola\/wp-json\/wp\/v2\/posts\/1683\/revisions"}],"predecessor-version":[{"id":1685,"href":"https:\/\/agora.xtec.cat\/inscomasisola\/wp-json\/wp\/v2\/posts\/1683\/revisions\/1685"}],"wp:featuredmedia":[{"embeddable":true,"href":"https:\/\/agora.xtec.cat\/inscomasisola\/wp-json\/wp\/v2\/media\/1681"}],"wp:attachment":[{"href":"https:\/\/agora.xtec.cat\/inscomasisola\/wp-json\/wp\/v2\/media?parent=1683"}],"wp:term":[{"taxonomy":"category","embeddable":true,"href":"https:\/\/agora.xtec.cat\/inscomasisola\/wp-json\/wp\/v2\/categories?post=1683"},{"taxonomy":"post_tag","embeddable":true,"href":"https:\/\/agora.xtec.cat\/inscomasisola\/wp-json\/wp\/v2\/tags?post=1683"}],"curies":[{"name":"wp","href":"https:\/\/api.w.org\/{rel}","templated":true}]}}